{"id":25782,"date":"2022-06-20T22:39:00","date_gmt":"2022-06-20T22:39:00","guid":{"rendered":"https:\/\/blogdorogeriogomes.com.br\/?p=25782"},"modified":"2022-06-21T16:02:01","modified_gmt":"2022-06-21T16:02:01","slug":"ceara-comeca-a-aplicar-quarta-dose-da-vacina-contra-a-covid-19-para-pessoas-acima-de-40-anos","status":"publish","type":"post","link":"https:\/\/blogdorogeriogomes.com.br\/noticias\/2022\/06\/ceara-comeca-a-aplicar-quarta-dose-da-vacina-contra-a-covid-19-para-pessoas-acima-de-40-anos\/","title":{"rendered":"Cear\u00e1 come\u00e7a a aplicar quarta dose da vacina contra a Covid-19 para pessoas acima de 40 anos"},"content":{"rendered":"\n<p>O&nbsp;Minist\u00e9rio da Sa\u00fade liberou nesta segunda-feira, dia 20 de junho, a quarta dose da vacina contra a Covid-19&nbsp;para pessoas acima de 40 anos.&nbsp;No Cear\u00e1, a Secretaria de Sa\u00fade do Estado j\u00e1 come\u00e7a a aplicar mais essa dose de refor\u00e7o a partir desta ter\u00e7a-feira, dia 21. O intervalo m\u00ednimo segue o intervalo de quatro meses a partir da \u00faltima vacina\u00e7\u00e3o. <\/p>\n\n\n\n<p>Em Fortaleza, o prefeito Jos\u00e9 Sarto (PDT) informou que, a partir desta ter\u00e7a-feira, inicia a vacina\u00e7\u00e3o da quarta dose contra a Covid-19 para pessoas acima de 40 anos. \u201cN\u00e3o precisa de agendamento. Basta conferir os locais de vacina\u00e7\u00e3o na programa\u00e7\u00e3o di\u00e1ria divulgada no portal da Prefeitura de Fortaleza\u201d, disse o prefeito da Capital.<br><\/p>\n\n\n\n<figure class=\"wp-block-image size-full\"><img loading=\"lazy\" decoding=\"async\" width=\"777\" height=\"394\" src=\"https:\/\/blogdorogeriogomes.com.br\/wp-content\/uploads\/2022\/06\/images-2022-06-20T193000.565.jpeg\" alt=\"\" class=\"wp-image-25783\" srcset=\"https:\/\/blogdorogeriogomes.com.br\/noticias\/wp-content\/uploads\/2022\/06\/images-2022-06-20T193000.565.jpeg 777w, https:\/\/blogdorogeriogomes.com.br\/noticias\/wp-content\/uploads\/2022\/06\/images-2022-06-20T193000.565-300x152.jpeg 300w, https:\/\/blogdorogeriogomes.com.br\/noticias\/wp-content\/uploads\/2022\/06\/images-2022-06-20T193000.565-768x389.jpeg 768w\" sizes=\"auto, (max-width: 777px) 100vw, 777px\" \/><\/figure>\n\n\n\n<p><br><\/p>\n","protected":false},"excerpt":{"rendered":"<p>O&nbsp;Minist\u00e9rio da Sa\u00fade liberou nesta segunda-feira, dia 20 de junho, a quarta dose da vacina contra a Covid-19&nbsp;para pessoas acima de 40 anos.&nbsp;No Cear\u00e1, a Secretaria de Sa\u00fade do Estado j\u00e1 come\u00e7a a aplicar mais essa dose de refor\u00e7o a partir desta ter\u00e7a-feira, dia 21. O intervalo m\u00ednimo segue o intervalo de quatro meses a partir da \u00faltima vacina\u00e7\u00e3o. Em Fortaleza, o prefeito Jos\u00e9 Sarto (PDT) informou que, a partir desta ter\u00e7a-feira, inicia a vacina\u00e7\u00e3o da quarta dose contra&hellip;<\/p>\n","protected":false},"author":1,"featured_media":25783,"comment_status":"open","ping_status":"open","sticky":false,"template":"","format":"standard","meta":{"footnotes":""},"categories":[1],"tags":[],"class_list":["post-25782","post","type-post","status-publish","format-standard","has-post-thumbnail","hentry","category-noticias"],"_links":{"self":[{"href":"https:\/\/blogdorogeriogomes.com.br\/noticias\/wp-json\/wp\/v2\/posts\/25782","targetHints":{"allow":["GET"]}}],"collection":[{"href":"https:\/\/blogdorogeriogomes.com.br\/noticias\/wp-json\/wp\/v2\/posts"}],"about":[{"href":"https:\/\/blogdorogeriogomes.com.br\/noticias\/wp-json\/wp\/v2\/types\/post"}],"author":[{"embeddable":true,"href":"https:\/\/blogdorogeriogomes.com.br\/noticias\/wp-json\/wp\/v2\/users\/1"}],"replies":[{"embeddable":true,"href":"https:\/\/blogdorogeriogomes.com.br\/noticias\/wp-json\/wp\/v2\/comments?post=25782"}],"version-history":[{"count":2,"href":"https:\/\/blogdorogeriogomes.com.br\/noticias\/wp-json\/wp\/v2\/posts\/25782\/revisions"}],"predecessor-version":[{"id":25805,"href":"https:\/\/blogdorogeriogomes.com.br\/noticias\/wp-json\/wp\/v2\/posts\/25782\/revisions\/25805"}],"wp:featuredmedia":[{"embeddable":true,"href":"https:\/\/blogdorogeriogomes.com.br\/noticias\/wp-json\/wp\/v2\/media\/25783"}],"wp:attachment":[{"href":"https:\/\/blogdorogeriogomes.com.br\/noticias\/wp-json\/wp\/v2\/media?parent=25782"}],"wp:term":[{"taxonomy":"category","embeddable":true,"href":"https:\/\/blogdorogeriogomes.com.br\/noticias\/wp-json\/wp\/v2\/categories?post=25782"},{"taxonomy":"post_tag","embeddable":true,"href":"https:\/\/blogdorogeriogomes.com.br\/noticias\/wp-json\/wp\/v2\/tags?post=25782"}],"curies":[{"name":"wp","href":"https:\/\/api.w.org\/{rel}","templated":true}]}}