{"id":25786,"date":"2022-06-20T23:10:48","date_gmt":"2022-06-20T23:10:48","guid":{"rendered":"https:\/\/blogdorogeriogomes.com.br\/?p=25786"},"modified":"2022-06-21T16:01:33","modified_gmt":"2022-06-21T16:01:33","slug":"aumento-nos-casos-de-covid-19-faz-prefeitura-de-ico-cancelar-a-tradicional-festa-forrico-em-julho","status":"publish","type":"post","link":"https:\/\/blogdorogeriogomes.com.br\/noticias\/2022\/06\/aumento-nos-casos-de-covid-19-faz-prefeitura-de-ico-cancelar-a-tradicional-festa-forrico-em-julho\/","title":{"rendered":"Aumento nos casos de Covid-19 faz Prefeitura de Ic\u00f3 cancelar a tradicional festa &#8220;Forric\u00f3&#8221; em julho"},"content":{"rendered":"\n<p>O aumento de casos de Covid-19 no munic\u00edpio de Ic\u00f3, na regi\u00e3o Centro-Sul do Cear\u00e1, fez a Prefeitura do munic\u00edpio cancelar a realiza\u00e7\u00e3o do Forric\u00f3, uma das grandes festas populares do interior do estado. <\/p>\n\n\n\n<p>O evento estava previsto para acontecer entre os dias 8 e 10 de julho. O Forric\u00f3 tinha algumas atra\u00e7\u00f5es pr\u00e9-agendadas como a banda Matruz com Leite, os cantores Mano Walter, J\u00fanior Viana, entre outros.<\/p>\n\n\n\n<p>O evento gratuito \u00e9 realizado no Largo do Theberge, conhecido popularmente como a &#8216;Pra\u00e7a do Forric\u00f3&#8217; e chega a reunir de 20 mil a 50 mil pessoas por noite.<\/p>\n\n\n\n<figure class=\"wp-block-image size-full\"><img loading=\"lazy\" decoding=\"async\" width=\"984\" height=\"554\" src=\"https:\/\/blogdorogeriogomes.com.br\/wp-content\/uploads\/2022\/06\/whatsapp-image-2022-06-20-at-19.05.15.jpeg\" alt=\"\" class=\"wp-image-25787\" srcset=\"https:\/\/blogdorogeriogomes.com.br\/noticias\/wp-content\/uploads\/2022\/06\/whatsapp-image-2022-06-20-at-19.05.15.jpeg 984w, https:\/\/blogdorogeriogomes.com.br\/noticias\/wp-content\/uploads\/2022\/06\/whatsapp-image-2022-06-20-at-19.05.15-300x169.jpeg 300w, https:\/\/blogdorogeriogomes.com.br\/noticias\/wp-content\/uploads\/2022\/06\/whatsapp-image-2022-06-20-at-19.05.15-768x432.jpeg 768w, https:\/\/blogdorogeriogomes.com.br\/noticias\/wp-content\/uploads\/2022\/06\/whatsapp-image-2022-06-20-at-19.05.15-800x450.jpeg 800w\" sizes=\"auto, (max-width: 984px) 100vw, 984px\" \/><\/figure>\n","protected":false},"excerpt":{"rendered":"<p>O aumento de casos de Covid-19 no munic\u00edpio de Ic\u00f3, na regi\u00e3o Centro-Sul do Cear\u00e1, fez a Prefeitura do munic\u00edpio cancelar a realiza\u00e7\u00e3o do Forric\u00f3, uma das grandes festas populares do interior do estado. O evento estava previsto para acontecer entre os dias 8 e 10 de julho. O Forric\u00f3 tinha algumas atra\u00e7\u00f5es pr\u00e9-agendadas como a banda Matruz com Leite, os cantores Mano Walter, J\u00fanior Viana, entre outros. O evento gratuito \u00e9 realizado no Largo do Theberge, conhecido popularmente&hellip;<\/p>\n","protected":false},"author":1,"featured_media":25787,"comment_status":"open","ping_status":"open","sticky":false,"template":"","format":"standard","meta":{"footnotes":""},"categories":[1],"tags":[],"class_list":["post-25786","post","type-post","status-publish","format-standard","has-post-thumbnail","hentry","category-noticias"],"_links":{"self":[{"href":"https:\/\/blogdorogeriogomes.com.br\/noticias\/wp-json\/wp\/v2\/posts\/25786","targetHints":{"allow":["GET"]}}],"collection":[{"href":"https:\/\/blogdorogeriogomes.com.br\/noticias\/wp-json\/wp\/v2\/posts"}],"about":[{"href":"https:\/\/blogdorogeriogomes.com.br\/noticias\/wp-json\/wp\/v2\/types\/post"}],"author":[{"embeddable":true,"href":"https:\/\/blogdorogeriogomes.com.br\/noticias\/wp-json\/wp\/v2\/users\/1"}],"replies":[{"embeddable":true,"href":"https:\/\/blogdorogeriogomes.com.br\/noticias\/wp-json\/wp\/v2\/comments?post=25786"}],"version-history":[{"count":1,"href":"https:\/\/blogdorogeriogomes.com.br\/noticias\/wp-json\/wp\/v2\/posts\/25786\/revisions"}],"predecessor-version":[{"id":25788,"href":"https:\/\/blogdorogeriogomes.com.br\/noticias\/wp-json\/wp\/v2\/posts\/25786\/revisions\/25788"}],"wp:featuredmedia":[{"embeddable":true,"href":"https:\/\/blogdorogeriogomes.com.br\/noticias\/wp-json\/wp\/v2\/media\/25787"}],"wp:attachment":[{"href":"https:\/\/blogdorogeriogomes.com.br\/noticias\/wp-json\/wp\/v2\/media?parent=25786"}],"wp:term":[{"taxonomy":"category","embeddable":true,"href":"https:\/\/blogdorogeriogomes.com.br\/noticias\/wp-json\/wp\/v2\/categories?post=25786"},{"taxonomy":"post_tag","embeddable":true,"href":"https:\/\/blogdorogeriogomes.com.br\/noticias\/wp-json\/wp\/v2\/tags?post=25786"}],"curies":[{"name":"wp","href":"https:\/\/api.w.org\/{rel}","templated":true}]}}