{"id":25792,"date":"2022-06-21T00:08:28","date_gmt":"2022-06-21T00:08:28","guid":{"rendered":"https:\/\/blogdorogeriogomes.com.br\/?p=25792"},"modified":"2022-06-21T16:01:14","modified_gmt":"2022-06-21T16:01:14","slug":"segunda-reuniao-tecnica-do-fonacriad-em-fortaleza-tem-participacao-de-21-estados","status":"publish","type":"post","link":"https:\/\/blogdorogeriogomes.com.br\/noticias\/2022\/06\/segunda-reuniao-tecnica-do-fonacriad-em-fortaleza-tem-participacao-de-21-estados\/","title":{"rendered":"Segunda Reuni\u00e3o T\u00e9cnica do Fonacriad em Fortaleza tem participa\u00e7\u00e3o de 21 estados"},"content":{"rendered":"\n<p>A Segunda Reuni\u00e3o T\u00e9cnica do F\u00f3rum Nacional de Dirigentes Governamentais de Entidades Executoras de Promo\u00e7\u00e3o e Direitos da Crian\u00e7a e do Adolescente (Fonacriad) foi aberta nesta segunda-feira, dia 20 de junho, no audit\u00f3rio da Vice-Governadoria do Cear\u00e1.<\/p>\n\n\n\n<p>Um total de 21 estados do Brasil est\u00e3o participando das discuss\u00f5es que visam o fortalecimento do sistema socioeducativo no Brasil.<\/p>\n\n\n\n<p>O superintendente do Sistema Estadual de Atendimento Socioeducativo do Cear\u00e1 (Seas), Roberto Bassan, deu as boas vindas a todos os representantes do F\u00f3rum.<\/p>\n\n\n\n<p>\u201c\u00c9 uma ansiedade muito grande com a chegada dessa data. N\u00f3s nos esfor\u00e7amos muito, e aqui eu queria em nome da minha equipe agradecer a todos pelo empenho e dedica\u00e7\u00e3o na organiza\u00e7\u00e3o desse encontro. Sejam bem vindos\u201d, colocou Bassan.<\/p>\n\n\n\n<p>Em sua fala, o superintendente da Seas ressaltou que o Governo do Estado priorizou nessa gest\u00e3o o sistema socioeducativo, com resultados muito objetivos.<\/p>\n\n\n\n<p>\u201cN\u00f3s somos uma das pol\u00edticas de governo que cumpriu todas as metas do Pacto de Acordo de Resultados, que \u00e9 uma m\u00e9trica que mensura a atua\u00e7\u00e3o do Governo pela Secretaria de Planejamento. A gente continua nessa linha pra ser realmente um divisor de \u00e1guas e n\u00e3o voltar a um cen\u00e1rio de viola\u00e7\u00e3o de direitos\u201d, pontou.<\/p>\n\n\n\n<figure class=\"wp-block-image size-full\"><img loading=\"lazy\" decoding=\"async\" width=\"768\" height=\"576\" src=\"https:\/\/blogdorogeriogomes.com.br\/wp-content\/uploads\/2022\/06\/EBACC50E-E3F6-4877-B003-A9651073AA9F-768x576-1.jpeg\" alt=\"\" class=\"wp-image-25793\" srcset=\"https:\/\/blogdorogeriogomes.com.br\/noticias\/wp-content\/uploads\/2022\/06\/EBACC50E-E3F6-4877-B003-A9651073AA9F-768x576-1.jpeg 768w, https:\/\/blogdorogeriogomes.com.br\/noticias\/wp-content\/uploads\/2022\/06\/EBACC50E-E3F6-4877-B003-A9651073AA9F-768x576-1-300x225.jpeg 300w, https:\/\/blogdorogeriogomes.com.br\/noticias\/wp-content\/uploads\/2022\/06\/EBACC50E-E3F6-4877-B003-A9651073AA9F-768x576-1-400x300.jpeg 400w\" sizes=\"auto, (max-width: 768px) 100vw, 768px\" \/><\/figure>\n","protected":false},"excerpt":{"rendered":"<p>A Segunda Reuni\u00e3o T\u00e9cnica do F\u00f3rum Nacional de Dirigentes Governamentais de Entidades Executoras de Promo\u00e7\u00e3o e Direitos da Crian\u00e7a e do Adolescente (Fonacriad) foi aberta nesta segunda-feira, dia 20 de junho, no audit\u00f3rio da Vice-Governadoria do Cear\u00e1. Um total de 21 estados do Brasil est\u00e3o participando das discuss\u00f5es que visam o fortalecimento do sistema socioeducativo no Brasil. O superintendente do Sistema Estadual de Atendimento Socioeducativo do Cear\u00e1 (Seas), Roberto Bassan, deu as boas vindas a todos os representantes do&hellip;<\/p>\n","protected":false},"author":1,"featured_media":25793,"comment_status":"open","ping_status":"open","sticky":false,"template":"","format":"standard","meta":{"footnotes":""},"categories":[1],"tags":[],"class_list":["post-25792","post","type-post","status-publish","format-standard","has-post-thumbnail","hentry","category-noticias"],"_links":{"self":[{"href":"https:\/\/blogdorogeriogomes.com.br\/noticias\/wp-json\/wp\/v2\/posts\/25792","targetHints":{"allow":["GET"]}}],"collection":[{"href":"https:\/\/blogdorogeriogomes.com.br\/noticias\/wp-json\/wp\/v2\/posts"}],"about":[{"href":"https:\/\/blogdorogeriogomes.com.br\/noticias\/wp-json\/wp\/v2\/types\/post"}],"author":[{"embeddable":true,"href":"https:\/\/blogdorogeriogomes.com.br\/noticias\/wp-json\/wp\/v2\/users\/1"}],"replies":[{"embeddable":true,"href":"https:\/\/blogdorogeriogomes.com.br\/noticias\/wp-json\/wp\/v2\/comments?post=25792"}],"version-history":[{"count":1,"href":"https:\/\/blogdorogeriogomes.com.br\/noticias\/wp-json\/wp\/v2\/posts\/25792\/revisions"}],"predecessor-version":[{"id":25794,"href":"https:\/\/blogdorogeriogomes.com.br\/noticias\/wp-json\/wp\/v2\/posts\/25792\/revisions\/25794"}],"wp:featuredmedia":[{"embeddable":true,"href":"https:\/\/blogdorogeriogomes.com.br\/noticias\/wp-json\/wp\/v2\/media\/25793"}],"wp:attachment":[{"href":"https:\/\/blogdorogeriogomes.com.br\/noticias\/wp-json\/wp\/v2\/media?parent=25792"}],"wp:term":[{"taxonomy":"category","embeddable":true,"href":"https:\/\/blogdorogeriogomes.com.br\/noticias\/wp-json\/wp\/v2\/categories?post=25792"},{"taxonomy":"post_tag","embeddable":true,"href":"https:\/\/blogdorogeriogomes.com.br\/noticias\/wp-json\/wp\/v2\/tags?post=25792"}],"curies":[{"name":"wp","href":"https:\/\/api.w.org\/{rel}","templated":true}]}}