{"id":25795,"date":"2022-06-21T10:24:53","date_gmt":"2022-06-21T10:24:53","guid":{"rendered":"https:\/\/blogdorogeriogomes.com.br\/?p=25795"},"modified":"2022-06-21T16:01:04","modified_gmt":"2022-06-21T16:01:04","slug":"camilo-santana-segue-com-articulacoes-politicas-no-interior-para-definicao-da-chapa-governista","status":"publish","type":"post","link":"https:\/\/blogdorogeriogomes.com.br\/noticias\/2022\/06\/camilo-santana-segue-com-articulacoes-politicas-no-interior-para-definicao-da-chapa-governista\/","title":{"rendered":"Camilo Santana segue com articula\u00e7\u00f5es pol\u00edticas no interior para defini\u00e7\u00e3o da chapa governista"},"content":{"rendered":"\n<p>O ex-governador Camilo Santana (PT) esteve nesta segunda-feira, dia 20 de junho, em Tau\u00e1, para receber o t\u00edtulo de cidad\u00e3o do munic\u00edpio em solenidade na C\u00e2mara Municipal. A ida a Tau\u00e1 teve forte componente pol\u00edtico, j\u00e1 que Camilo teve encontros com o presidente estadual do PSD, Domingos Filho, que reivindica a vaga de candidato a vice-governador, e com o presidente estadual do PSDB, Chiquinho Feitosa, que n\u00e3o descarta a ideia dos tucanos apoiarem a chapa governista e ficarem com a supl\u00eancia do Senado. Camilo Santana concorrer\u00e1 a \u00fanica vaga para o Senado em outubro.<\/p>\n\n\n\n<p>Na reuni\u00e3o com Domingos Filho e Chiquinho Feitosa, Camilo Santana ressaltou que o momento tem de ser de uni\u00e3o entre os governistas e de manuten\u00e7\u00e3o da alian\u00e7a entre PT e PDT. Ele \u00e9 defensor que a candidata em outubro seja a atual governadora Izolda Cela. &#8220;A Izolda esteve ao meu lado nos sete anos e tr\u00eas meses, tem mostrado sua diferen\u00e7a a partir do momento que assumiu o Governo. Todos os compromissos, todos ser\u00e3o honrados e cumpridos\u201d. O petista ainda acrescentou: \u201cN\u00e3o podemos andar para tr\u00e1s. Precisamos corrigir o que n\u00e3o est\u00e1 bom\u201d.<\/p>\n\n\n\n<figure class=\"wp-block-image size-full\"><img loading=\"lazy\" decoding=\"async\" width=\"739\" height=\"415\" src=\"https:\/\/blogdorogeriogomes.com.br\/wp-content\/uploads\/2022\/06\/images-2022-06-21T071321.837.jpeg\" alt=\"\" class=\"wp-image-25796\" srcset=\"https:\/\/blogdorogeriogomes.com.br\/noticias\/wp-content\/uploads\/2022\/06\/images-2022-06-21T071321.837.jpeg 739w, https:\/\/blogdorogeriogomes.com.br\/noticias\/wp-content\/uploads\/2022\/06\/images-2022-06-21T071321.837-300x168.jpeg 300w\" sizes=\"auto, (max-width: 739px) 100vw, 739px\" \/><\/figure>\n","protected":false},"excerpt":{"rendered":"<p>O ex-governador Camilo Santana (PT) esteve nesta segunda-feira, dia 20 de junho, em Tau\u00e1, para receber o t\u00edtulo de cidad\u00e3o do munic\u00edpio em solenidade na C\u00e2mara Municipal. A ida a Tau\u00e1 teve forte componente pol\u00edtico, j\u00e1 que Camilo teve encontros com o presidente estadual do PSD, Domingos Filho, que reivindica a vaga de candidato a vice-governador, e com o presidente estadual do PSDB, Chiquinho Feitosa, que n\u00e3o descarta a ideia dos tucanos apoiarem a chapa governista e ficarem com&hellip;<\/p>\n","protected":false},"author":1,"featured_media":25796,"comment_status":"open","ping_status":"open","sticky":false,"template":"","format":"standard","meta":{"footnotes":""},"categories":[1],"tags":[],"class_list":["post-25795","post","type-post","status-publish","format-standard","has-post-thumbnail","hentry","category-noticias"],"_links":{"self":[{"href":"https:\/\/blogdorogeriogomes.com.br\/noticias\/wp-json\/wp\/v2\/posts\/25795","targetHints":{"allow":["GET"]}}],"collection":[{"href":"https:\/\/blogdorogeriogomes.com.br\/noticias\/wp-json\/wp\/v2\/posts"}],"about":[{"href":"https:\/\/blogdorogeriogomes.com.br\/noticias\/wp-json\/wp\/v2\/types\/post"}],"author":[{"embeddable":true,"href":"https:\/\/blogdorogeriogomes.com.br\/noticias\/wp-json\/wp\/v2\/users\/1"}],"replies":[{"embeddable":true,"href":"https:\/\/blogdorogeriogomes.com.br\/noticias\/wp-json\/wp\/v2\/comments?post=25795"}],"version-history":[{"count":1,"href":"https:\/\/blogdorogeriogomes.com.br\/noticias\/wp-json\/wp\/v2\/posts\/25795\/revisions"}],"predecessor-version":[{"id":25797,"href":"https:\/\/blogdorogeriogomes.com.br\/noticias\/wp-json\/wp\/v2\/posts\/25795\/revisions\/25797"}],"wp:featuredmedia":[{"embeddable":true,"href":"https:\/\/blogdorogeriogomes.com.br\/noticias\/wp-json\/wp\/v2\/media\/25796"}],"wp:attachment":[{"href":"https:\/\/blogdorogeriogomes.com.br\/noticias\/wp-json\/wp\/v2\/media?parent=25795"}],"wp:term":[{"taxonomy":"category","embeddable":true,"href":"https:\/\/blogdorogeriogomes.com.br\/noticias\/wp-json\/wp\/v2\/categories?post=25795"},{"taxonomy":"post_tag","embeddable":true,"href":"https:\/\/blogdorogeriogomes.com.br\/noticias\/wp-json\/wp\/v2\/tags?post=25795"}],"curies":[{"name":"wp","href":"https:\/\/api.w.org\/{rel}","templated":true}]}}