{"id":25806,"date":"2022-06-21T20:56:01","date_gmt":"2022-06-21T20:56:01","guid":{"rendered":"https:\/\/blogdorogeriogomes.com.br\/?p=25806"},"modified":"2022-06-22T13:28:08","modified_gmt":"2022-06-22T13:28:08","slug":"governadora-izolda-cela-anuncia-expansao-do-pacto-pela-aprendizagem-ate-2024","status":"publish","type":"post","link":"https:\/\/blogdorogeriogomes.com.br\/noticias\/2022\/06\/governadora-izolda-cela-anuncia-expansao-do-pacto-pela-aprendizagem-ate-2024\/","title":{"rendered":"Governadora Izolda Cela anuncia expans\u00e3o do Pacto pela Aprendizagem at\u00e9 2024"},"content":{"rendered":"\n<p>O Governo do Cear\u00e1, por meio da Secretaria da Educa\u00e7\u00e3o (Seduc), celebrou os 15 anos do Programa Mais Paic \u2013 Aprendizagem na Idade Certa, nesta ter\u00e7a-feira, dia 21 de junho. O encontro aconteceu no Centro de Eventos do Cear\u00e1 e contou com representantes dos 184 munic\u00edpios cearenses.<\/p>\n\n\n\n<p>A hist\u00f3ria da revolu\u00e7\u00e3o da educa\u00e7\u00e3o p\u00fablica no Cear\u00e1 tem no Programa de Aprendizagem na Idade Certa (Mais Paic) um dos cap\u00edtulos mais importantes. A pol\u00edtica p\u00fablica foi criada em 2007 como Programa de Alfabetiza\u00e7\u00e3o na Idade Certa (Paic), com a meta de alfabetizar todas as crian\u00e7as cearenses at\u00e9 os sete anos de idade, por meio de um regime de coopera\u00e7\u00e3o entre Estado e Munic\u00edpios.&nbsp;<\/p>\n\n\n\n<p>A governadora Izolda Cela, presente ao evento, anunciou que enviou \u00e0 Assembleia Legislativa uma mensagem para ampliar as a\u00e7\u00f5es do Pacto pela Aprendizagem at\u00e9 2024.<\/p>\n\n\n\n<figure class=\"wp-block-image size-large\"><img loading=\"lazy\" decoding=\"async\" width=\"1024\" height=\"683\" src=\"https:\/\/blogdorogeriogomes.com.br\/wp-content\/uploads\/2022\/06\/220621_15-ANOS-MAIS-PAIC_TS0177-1200x800-1-1024x683.jpg\" alt=\"\" class=\"wp-image-25807\" srcset=\"https:\/\/blogdorogeriogomes.com.br\/noticias\/wp-content\/uploads\/2022\/06\/220621_15-ANOS-MAIS-PAIC_TS0177-1200x800-1-1024x683.jpg 1024w, https:\/\/blogdorogeriogomes.com.br\/noticias\/wp-content\/uploads\/2022\/06\/220621_15-ANOS-MAIS-PAIC_TS0177-1200x800-1-300x200.jpg 300w, https:\/\/blogdorogeriogomes.com.br\/noticias\/wp-content\/uploads\/2022\/06\/220621_15-ANOS-MAIS-PAIC_TS0177-1200x800-1-768x512.jpg 768w, https:\/\/blogdorogeriogomes.com.br\/noticias\/wp-content\/uploads\/2022\/06\/220621_15-ANOS-MAIS-PAIC_TS0177-1200x800-1-800x533.jpg 800w, https:\/\/blogdorogeriogomes.com.br\/noticias\/wp-content\/uploads\/2022\/06\/220621_15-ANOS-MAIS-PAIC_TS0177-1200x800-1.jpg 1200w\" sizes=\"auto, (max-width: 1024px) 100vw, 1024px\" \/><\/figure>\n","protected":false},"excerpt":{"rendered":"<p>O Governo do Cear\u00e1, por meio da Secretaria da Educa\u00e7\u00e3o (Seduc), celebrou os 15 anos do Programa Mais Paic \u2013 Aprendizagem na Idade Certa, nesta ter\u00e7a-feira, dia 21 de junho. O encontro aconteceu no Centro de Eventos do Cear\u00e1 e contou com representantes dos 184 munic\u00edpios cearenses. A hist\u00f3ria da revolu\u00e7\u00e3o da educa\u00e7\u00e3o p\u00fablica no Cear\u00e1 tem no Programa de Aprendizagem na Idade Certa (Mais Paic) um dos cap\u00edtulos mais importantes. A pol\u00edtica p\u00fablica foi criada em 2007 como&hellip;<\/p>\n","protected":false},"author":1,"featured_media":25807,"comment_status":"open","ping_status":"open","sticky":false,"template":"","format":"standard","meta":{"footnotes":""},"categories":[1],"tags":[],"class_list":["post-25806","post","type-post","status-publish","format-standard","has-post-thumbnail","hentry","category-noticias"],"_links":{"self":[{"href":"https:\/\/blogdorogeriogomes.com.br\/noticias\/wp-json\/wp\/v2\/posts\/25806","targetHints":{"allow":["GET"]}}],"collection":[{"href":"https:\/\/blogdorogeriogomes.com.br\/noticias\/wp-json\/wp\/v2\/posts"}],"about":[{"href":"https:\/\/blogdorogeriogomes.com.br\/noticias\/wp-json\/wp\/v2\/types\/post"}],"author":[{"embeddable":true,"href":"https:\/\/blogdorogeriogomes.com.br\/noticias\/wp-json\/wp\/v2\/users\/1"}],"replies":[{"embeddable":true,"href":"https:\/\/blogdorogeriogomes.com.br\/noticias\/wp-json\/wp\/v2\/comments?post=25806"}],"version-history":[{"count":2,"href":"https:\/\/blogdorogeriogomes.com.br\/noticias\/wp-json\/wp\/v2\/posts\/25806\/revisions"}],"predecessor-version":[{"id":25822,"href":"https:\/\/blogdorogeriogomes.com.br\/noticias\/wp-json\/wp\/v2\/posts\/25806\/revisions\/25822"}],"wp:featuredmedia":[{"embeddable":true,"href":"https:\/\/blogdorogeriogomes.com.br\/noticias\/wp-json\/wp\/v2\/media\/25807"}],"wp:attachment":[{"href":"https:\/\/blogdorogeriogomes.com.br\/noticias\/wp-json\/wp\/v2\/media?parent=25806"}],"wp:term":[{"taxonomy":"category","embeddable":true,"href":"https:\/\/blogdorogeriogomes.com.br\/noticias\/wp-json\/wp\/v2\/categories?post=25806"},{"taxonomy":"post_tag","embeddable":true,"href":"https:\/\/blogdorogeriogomes.com.br\/noticias\/wp-json\/wp\/v2\/tags?post=25806"}],"curies":[{"name":"wp","href":"https:\/\/api.w.org\/{rel}","templated":true}]}}