{"id":25809,"date":"2022-06-21T21:12:52","date_gmt":"2022-06-21T21:12:52","guid":{"rendered":"https:\/\/blogdorogeriogomes.com.br\/?p=25809"},"modified":"2022-06-22T13:27:59","modified_gmt":"2022-06-22T13:27:59","slug":"governo-estadual-realiza-aula-inaugural-do-curso-de-formacao-para-mais-de-2-400-novos-policiais-militares","status":"publish","type":"post","link":"https:\/\/blogdorogeriogomes.com.br\/noticias\/2022\/06\/governo-estadual-realiza-aula-inaugural-do-curso-de-formacao-para-mais-de-2-400-novos-policiais-militares\/","title":{"rendered":"Governo estadual realiza aula inaugural do Curso de Forma\u00e7\u00e3o para mais de 2.400 novos policiais militares"},"content":{"rendered":"\n<p>Nesta quarta-feira, dia 22 de junho, o Governo do Cear\u00e1 realiza a aula inaugural do Curso de Forma\u00e7\u00e3o de Soldados da Pol\u00edcia Militar do Cear\u00e1. O evento ser\u00e1 realizado no Centro de Eventos do Cear\u00e1 (CEC), \u00e0s 15 horas, e contar\u00e1 com a presen\u00e7a da governadora Izolda Cela e do secret\u00e1rio estadual da Seguran\u00e7a P\u00fablica, Sandro Caron.<\/p>\n\n\n\n<p>2.415 aprovados no concurso de 2021 iniciam o Curso de Forma\u00e7\u00e3o na Academia Estadual de Seguran\u00e7a P\u00fablica. A forma\u00e7\u00e3o tem uma carga-hor\u00e1ria de 1.400 horas\/aula. Os alunos do curso de Forma\u00e7\u00e3o de Soldados j\u00e1 ser\u00e3o desde o per\u00edodo de forma\u00e7\u00e3o, militares estaduais, na condi\u00e7\u00e3o de Alunos-Soldados.<\/p>\n\n\n\n<figure class=\"wp-block-image size-full is-resized\"><img loading=\"lazy\" decoding=\"async\" src=\"https:\/\/blogdorogeriogomes.com.br\/wp-content\/uploads\/2022\/06\/images-2022-06-21T180729.050.jpeg\" alt=\"\" class=\"wp-image-25810\" width=\"332\" height=\"221\" srcset=\"https:\/\/blogdorogeriogomes.com.br\/noticias\/wp-content\/uploads\/2022\/06\/images-2022-06-21T180729.050.jpeg 678w, https:\/\/blogdorogeriogomes.com.br\/noticias\/wp-content\/uploads\/2022\/06\/images-2022-06-21T180729.050-300x200.jpeg 300w\" sizes=\"auto, (max-width: 332px) 100vw, 332px\" \/><\/figure>\n\n\n\n<p><\/p>\n","protected":false},"excerpt":{"rendered":"<p>Nesta quarta-feira, dia 22 de junho, o Governo do Cear\u00e1 realiza a aula inaugural do Curso de Forma\u00e7\u00e3o de Soldados da Pol\u00edcia Militar do Cear\u00e1. O evento ser\u00e1 realizado no Centro de Eventos do Cear\u00e1 (CEC), \u00e0s 15 horas, e contar\u00e1 com a presen\u00e7a da governadora Izolda Cela e do secret\u00e1rio estadual da Seguran\u00e7a P\u00fablica, Sandro Caron. 2.415 aprovados no concurso de 2021 iniciam o Curso de Forma\u00e7\u00e3o na Academia Estadual de Seguran\u00e7a P\u00fablica. A forma\u00e7\u00e3o tem uma carga-hor\u00e1ria&hellip;<\/p>\n","protected":false},"author":1,"featured_media":25810,"comment_status":"open","ping_status":"open","sticky":false,"template":"","format":"standard","meta":{"footnotes":""},"categories":[1],"tags":[],"class_list":["post-25809","post","type-post","status-publish","format-standard","has-post-thumbnail","hentry","category-noticias"],"_links":{"self":[{"href":"https:\/\/blogdorogeriogomes.com.br\/noticias\/wp-json\/wp\/v2\/posts\/25809","targetHints":{"allow":["GET"]}}],"collection":[{"href":"https:\/\/blogdorogeriogomes.com.br\/noticias\/wp-json\/wp\/v2\/posts"}],"about":[{"href":"https:\/\/blogdorogeriogomes.com.br\/noticias\/wp-json\/wp\/v2\/types\/post"}],"author":[{"embeddable":true,"href":"https:\/\/blogdorogeriogomes.com.br\/noticias\/wp-json\/wp\/v2\/users\/1"}],"replies":[{"embeddable":true,"href":"https:\/\/blogdorogeriogomes.com.br\/noticias\/wp-json\/wp\/v2\/comments?post=25809"}],"version-history":[{"count":1,"href":"https:\/\/blogdorogeriogomes.com.br\/noticias\/wp-json\/wp\/v2\/posts\/25809\/revisions"}],"predecessor-version":[{"id":25811,"href":"https:\/\/blogdorogeriogomes.com.br\/noticias\/wp-json\/wp\/v2\/posts\/25809\/revisions\/25811"}],"wp:featuredmedia":[{"embeddable":true,"href":"https:\/\/blogdorogeriogomes.com.br\/noticias\/wp-json\/wp\/v2\/media\/25810"}],"wp:attachment":[{"href":"https:\/\/blogdorogeriogomes.com.br\/noticias\/wp-json\/wp\/v2\/media?parent=25809"}],"wp:term":[{"taxonomy":"category","embeddable":true,"href":"https:\/\/blogdorogeriogomes.com.br\/noticias\/wp-json\/wp\/v2\/categories?post=25809"},{"taxonomy":"post_tag","embeddable":true,"href":"https:\/\/blogdorogeriogomes.com.br\/noticias\/wp-json\/wp\/v2\/tags?post=25809"}],"curies":[{"name":"wp","href":"https:\/\/api.w.org\/{rel}","templated":true}]}}