{"id":25812,"date":"2022-06-22T11:13:18","date_gmt":"2022-06-22T11:13:18","guid":{"rendered":"https:\/\/blogdorogeriogomes.com.br\/?p=25812"},"modified":"2022-06-22T13:27:50","modified_gmt":"2022-06-22T13:27:50","slug":"aneel-aprova-novo-reajuste-na-bandeira-tarifaria-da-energia-eletrica-em-637-a-partir-de-julho","status":"publish","type":"post","link":"https:\/\/blogdorogeriogomes.com.br\/noticias\/2022\/06\/aneel-aprova-novo-reajuste-na-bandeira-tarifaria-da-energia-eletrica-em-637-a-partir-de-julho\/","title":{"rendered":"Aneel aprova novo reajuste na bandeira tarif\u00e1ria da energia el\u00e9trica em 63,7% a partir de julho"},"content":{"rendered":"\n<p>Vem mais um aumento em julho, desta vez na conta da luz. A diretoria colegiada da Ag\u00eancia Nacional de Energia El\u00e9trica (Aneel) aprovou nesta ter\u00e7a-feira, dia 21 de junho, um reajuste de at\u00e9 63,7% no valor das bandeiras tarif\u00e1rias que v\u00e3o vigorar&nbsp;para o per\u00edodo de julho de 2022 a junho de 2023.&nbsp;Os novos valores ter\u00e3o in\u00edcio em 1\u00ba de julho.<\/p>\n\n\n\n<p>De acordo com a proposta aprovada,&nbsp;a maior alta ser\u00e1 no valor da bandeira vermelha patamar 1 passaria de R$ 3,971 para&nbsp;R$ 6,500 a cada 100 kWh consumidos. Alta de&nbsp;de 63,7%.<br><\/p>\n\n\n\n<figure class=\"wp-block-image size-full\"><img loading=\"lazy\" decoding=\"async\" width=\"548\" height=\"377\" src=\"https:\/\/blogdorogeriogomes.com.br\/wp-content\/uploads\/2022\/06\/1_pri_2808_0701___cor___21cm_largura-6829059.jpg\" alt=\"\" class=\"wp-image-25813\" srcset=\"https:\/\/blogdorogeriogomes.com.br\/noticias\/wp-content\/uploads\/2022\/06\/1_pri_2808_0701___cor___21cm_largura-6829059.jpg 548w, https:\/\/blogdorogeriogomes.com.br\/noticias\/wp-content\/uploads\/2022\/06\/1_pri_2808_0701___cor___21cm_largura-6829059-300x206.jpg 300w\" sizes=\"auto, (max-width: 548px) 100vw, 548px\" \/><\/figure>\n","protected":false},"excerpt":{"rendered":"<p>Vem mais um aumento em julho, desta vez na conta da luz. A diretoria colegiada da Ag\u00eancia Nacional de Energia El\u00e9trica (Aneel) aprovou nesta ter\u00e7a-feira, dia 21 de junho, um reajuste de at\u00e9 63,7% no valor das bandeiras tarif\u00e1rias que v\u00e3o vigorar&nbsp;para o per\u00edodo de julho de 2022 a junho de 2023.&nbsp;Os novos valores ter\u00e3o in\u00edcio em 1\u00ba de julho. De acordo com a proposta aprovada,&nbsp;a maior alta ser\u00e1 no valor da bandeira vermelha patamar 1 passaria de R$&hellip;<\/p>\n","protected":false},"author":1,"featured_media":25813,"comment_status":"open","ping_status":"open","sticky":false,"template":"","format":"standard","meta":{"footnotes":""},"categories":[1],"tags":[],"class_list":["post-25812","post","type-post","status-publish","format-standard","has-post-thumbnail","hentry","category-noticias"],"_links":{"self":[{"href":"https:\/\/blogdorogeriogomes.com.br\/noticias\/wp-json\/wp\/v2\/posts\/25812","targetHints":{"allow":["GET"]}}],"collection":[{"href":"https:\/\/blogdorogeriogomes.com.br\/noticias\/wp-json\/wp\/v2\/posts"}],"about":[{"href":"https:\/\/blogdorogeriogomes.com.br\/noticias\/wp-json\/wp\/v2\/types\/post"}],"author":[{"embeddable":true,"href":"https:\/\/blogdorogeriogomes.com.br\/noticias\/wp-json\/wp\/v2\/users\/1"}],"replies":[{"embeddable":true,"href":"https:\/\/blogdorogeriogomes.com.br\/noticias\/wp-json\/wp\/v2\/comments?post=25812"}],"version-history":[{"count":2,"href":"https:\/\/blogdorogeriogomes.com.br\/noticias\/wp-json\/wp\/v2\/posts\/25812\/revisions"}],"predecessor-version":[{"id":25821,"href":"https:\/\/blogdorogeriogomes.com.br\/noticias\/wp-json\/wp\/v2\/posts\/25812\/revisions\/25821"}],"wp:featuredmedia":[{"embeddable":true,"href":"https:\/\/blogdorogeriogomes.com.br\/noticias\/wp-json\/wp\/v2\/media\/25813"}],"wp:attachment":[{"href":"https:\/\/blogdorogeriogomes.com.br\/noticias\/wp-json\/wp\/v2\/media?parent=25812"}],"wp:term":[{"taxonomy":"category","embeddable":true,"href":"https:\/\/blogdorogeriogomes.com.br\/noticias\/wp-json\/wp\/v2\/categories?post=25812"},{"taxonomy":"post_tag","embeddable":true,"href":"https:\/\/blogdorogeriogomes.com.br\/noticias\/wp-json\/wp\/v2\/tags?post=25812"}],"curies":[{"name":"wp","href":"https:\/\/api.w.org\/{rel}","templated":true}]}}