{"id":25818,"date":"2022-06-22T11:42:56","date_gmt":"2022-06-22T11:42:56","guid":{"rendered":"https:\/\/blogdorogeriogomes.com.br\/?p=25818"},"modified":"2022-06-22T13:27:18","modified_gmt":"2022-06-22T13:27:18","slug":"bancada-do-pdt-na-assembleia-legislativa-prega-uniao-em-torno-de-ciro-gomes-e-do-candidato-governista-estadual-a-ser-escolhido","status":"publish","type":"post","link":"https:\/\/blogdorogeriogomes.com.br\/noticias\/2022\/06\/bancada-do-pdt-na-assembleia-legislativa-prega-uniao-em-torno-de-ciro-gomes-e-do-candidato-governista-estadual-a-ser-escolhido\/","title":{"rendered":"Bancada do PDT na Assembleia Legislativa prega uni\u00e3o em torno de Ciro Gomes e do candidato governista estadual a ser escolhido"},"content":{"rendered":"\n<p>A bancada estadual do PDT esteve reunida nesta ter\u00e7a-feira, dia 21 de junho, para reafirmar o total e irrestrito apoio \u00e0 pr\u00e9-candidatura de Ciro Gomes \u00e0 Presid\u00eancia da Rep\u00fablica. Os parlamentares que comp\u00f5em a bancada reafirmaram tamb\u00e9m que o candidato ou candidata do PDT que disputar\u00e1 as pr\u00f3ximas elei\u00e7\u00f5es ao Governo do Estado contar\u00e1 com apoio de todos os deputados estaduais.<\/p>\n\n\n\n<p>A bancada refor\u00e7a a unidade e o compromisso em torno do atual projeto que est\u00e1 em curso no Cear\u00e1. Este projeto tem feito o Estado avan\u00e7ar em todas as \u00e1reas, melhorando assim a qualidade de vida de toda a popula\u00e7\u00e3o cearense.<\/p>\n\n\n\n<p>A nota foi assinada pelos deputados estaduais Ant\u00f4nio Granja, Bruno Pedrosa, Evandro Leit\u00e3o, Guilherme Landim, Jeov\u00e1 Mota, Marcos Sobreira, Oriel Nunes, Osmar Baquit, Queiroz Filho, Romeu Aldigueri, Salmito Filho, S\u00e9rgio Aguiar e Tin Gomes.<\/p>\n\n\n\n<figure class=\"wp-block-image size-large\"><img loading=\"lazy\" decoding=\"async\" width=\"1024\" height=\"768\" src=\"https:\/\/blogdorogeriogomes.com.br\/wp-content\/uploads\/2022\/06\/IMG-20220621-WA0137-1024x768.jpg\" alt=\"\" class=\"wp-image-25819\" srcset=\"https:\/\/blogdorogeriogomes.com.br\/noticias\/wp-content\/uploads\/2022\/06\/IMG-20220621-WA0137-1024x768.jpg 1024w, https:\/\/blogdorogeriogomes.com.br\/noticias\/wp-content\/uploads\/2022\/06\/IMG-20220621-WA0137-300x225.jpg 300w, https:\/\/blogdorogeriogomes.com.br\/noticias\/wp-content\/uploads\/2022\/06\/IMG-20220621-WA0137-768x576.jpg 768w, https:\/\/blogdorogeriogomes.com.br\/noticias\/wp-content\/uploads\/2022\/06\/IMG-20220621-WA0137-1536x1152.jpg 1536w, https:\/\/blogdorogeriogomes.com.br\/noticias\/wp-content\/uploads\/2022\/06\/IMG-20220621-WA0137-800x600.jpg 800w, https:\/\/blogdorogeriogomes.com.br\/noticias\/wp-content\/uploads\/2022\/06\/IMG-20220621-WA0137-400x300.jpg 400w, https:\/\/blogdorogeriogomes.com.br\/noticias\/wp-content\/uploads\/2022\/06\/IMG-20220621-WA0137.jpg 1600w\" sizes=\"auto, (max-width: 1024px) 100vw, 1024px\" \/><\/figure>\n","protected":false},"excerpt":{"rendered":"<p>A bancada estadual do PDT esteve reunida nesta ter\u00e7a-feira, dia 21 de junho, para reafirmar o total e irrestrito apoio \u00e0 pr\u00e9-candidatura de Ciro Gomes \u00e0 Presid\u00eancia da Rep\u00fablica. Os parlamentares que comp\u00f5em a bancada reafirmaram tamb\u00e9m que o candidato ou candidata do PDT que disputar\u00e1 as pr\u00f3ximas elei\u00e7\u00f5es ao Governo do Estado contar\u00e1 com apoio de todos os deputados estaduais. A bancada refor\u00e7a a unidade e o compromisso em torno do atual projeto que est\u00e1 em curso no&hellip;<\/p>\n","protected":false},"author":1,"featured_media":25819,"comment_status":"open","ping_status":"open","sticky":false,"template":"","format":"standard","meta":{"footnotes":""},"categories":[1],"tags":[],"class_list":["post-25818","post","type-post","status-publish","format-standard","has-post-thumbnail","hentry","category-noticias"],"_links":{"self":[{"href":"https:\/\/blogdorogeriogomes.com.br\/noticias\/wp-json\/wp\/v2\/posts\/25818","targetHints":{"allow":["GET"]}}],"collection":[{"href":"https:\/\/blogdorogeriogomes.com.br\/noticias\/wp-json\/wp\/v2\/posts"}],"about":[{"href":"https:\/\/blogdorogeriogomes.com.br\/noticias\/wp-json\/wp\/v2\/types\/post"}],"author":[{"embeddable":true,"href":"https:\/\/blogdorogeriogomes.com.br\/noticias\/wp-json\/wp\/v2\/users\/1"}],"replies":[{"embeddable":true,"href":"https:\/\/blogdorogeriogomes.com.br\/noticias\/wp-json\/wp\/v2\/comments?post=25818"}],"version-history":[{"count":1,"href":"https:\/\/blogdorogeriogomes.com.br\/noticias\/wp-json\/wp\/v2\/posts\/25818\/revisions"}],"predecessor-version":[{"id":25820,"href":"https:\/\/blogdorogeriogomes.com.br\/noticias\/wp-json\/wp\/v2\/posts\/25818\/revisions\/25820"}],"wp:featuredmedia":[{"embeddable":true,"href":"https:\/\/blogdorogeriogomes.com.br\/noticias\/wp-json\/wp\/v2\/media\/25819"}],"wp:attachment":[{"href":"https:\/\/blogdorogeriogomes.com.br\/noticias\/wp-json\/wp\/v2\/media?parent=25818"}],"wp:term":[{"taxonomy":"category","embeddable":true,"href":"https:\/\/blogdorogeriogomes.com.br\/noticias\/wp-json\/wp\/v2\/categories?post=25818"},{"taxonomy":"post_tag","embeddable":true,"href":"https:\/\/blogdorogeriogomes.com.br\/noticias\/wp-json\/wp\/v2\/tags?post=25818"}],"curies":[{"name":"wp","href":"https:\/\/api.w.org\/{rel}","templated":true}]}}