{"id":25827,"date":"2022-06-22T20:50:26","date_gmt":"2022-06-22T20:50:26","guid":{"rendered":"https:\/\/blogdorogeriogomes.com.br\/?p=25827"},"modified":"2022-06-23T16:46:01","modified_gmt":"2022-06-23T16:46:01","slug":"cade-aprova-compra-da-extrafarma-pelo-grupo-pague-menos-por-r-700-milhoes","status":"publish","type":"post","link":"https:\/\/blogdorogeriogomes.com.br\/noticias\/2022\/06\/cade-aprova-compra-da-extrafarma-pelo-grupo-pague-menos-por-r-700-milhoes\/","title":{"rendered":"Cade aprova compra da Extrafarma pelo Grupo Pague Menos por R$ 700 milh\u00f5es"},"content":{"rendered":"\n<p>O Tribunal do Conselho Administrativo de Defesa Econ\u00f4mica (Cade) aprovou nesta quarta-feira, dia 22 de junho, a compra da Extrafarma pela Pague Menos.&nbsp;Com o investimento, estimado em&nbsp;R$ 700 milh\u00f5es, a Pague Menos&nbsp;passa a ocupar o segundo lugar no setor de farm\u00e1cias no pa\u00eds.<\/p>\n\n\n\n<p>Na transa\u00e7\u00e3o, foram impostas restri\u00e7\u00f5es que incluem a venda de lojas em oito cidades com menos de 200 mil habitantes no Nordeste. Dentre as lojas que devem ser vendidas, cinco est\u00e3o no&nbsp;Cear\u00e1,&nbsp;duas no Maranh\u00e3o e&nbsp;uma no Rio Grande do Norte.<br><\/p>\n\n\n\n<figure class=\"wp-block-image size-full\"><img loading=\"lazy\" decoding=\"async\" width=\"600\" height=\"360\" src=\"https:\/\/blogdorogeriogomes.com.br\/wp-content\/uploads\/2022\/06\/images-2022-06-22T174508.245.jpeg\" alt=\"\" class=\"wp-image-25828\" srcset=\"https:\/\/blogdorogeriogomes.com.br\/noticias\/wp-content\/uploads\/2022\/06\/images-2022-06-22T174508.245.jpeg 600w, https:\/\/blogdorogeriogomes.com.br\/noticias\/wp-content\/uploads\/2022\/06\/images-2022-06-22T174508.245-300x180.jpeg 300w\" sizes=\"auto, (max-width: 600px) 100vw, 600px\" \/><\/figure>\n\n\n\n<p><br><\/p>\n","protected":false},"excerpt":{"rendered":"<p>O Tribunal do Conselho Administrativo de Defesa Econ\u00f4mica (Cade) aprovou nesta quarta-feira, dia 22 de junho, a compra da Extrafarma pela Pague Menos.&nbsp;Com o investimento, estimado em&nbsp;R$ 700 milh\u00f5es, a Pague Menos&nbsp;passa a ocupar o segundo lugar no setor de farm\u00e1cias no pa\u00eds. Na transa\u00e7\u00e3o, foram impostas restri\u00e7\u00f5es que incluem a venda de lojas em oito cidades com menos de 200 mil habitantes no Nordeste. Dentre as lojas que devem ser vendidas, cinco est\u00e3o no&nbsp;Cear\u00e1,&nbsp;duas no Maranh\u00e3o e&nbsp;uma no&hellip;<\/p>\n","protected":false},"author":1,"featured_media":25828,"comment_status":"open","ping_status":"open","sticky":false,"template":"","format":"standard","meta":{"footnotes":""},"categories":[1],"tags":[],"class_list":["post-25827","post","type-post","status-publish","format-standard","has-post-thumbnail","hentry","category-noticias"],"_links":{"self":[{"href":"https:\/\/blogdorogeriogomes.com.br\/noticias\/wp-json\/wp\/v2\/posts\/25827","targetHints":{"allow":["GET"]}}],"collection":[{"href":"https:\/\/blogdorogeriogomes.com.br\/noticias\/wp-json\/wp\/v2\/posts"}],"about":[{"href":"https:\/\/blogdorogeriogomes.com.br\/noticias\/wp-json\/wp\/v2\/types\/post"}],"author":[{"embeddable":true,"href":"https:\/\/blogdorogeriogomes.com.br\/noticias\/wp-json\/wp\/v2\/users\/1"}],"replies":[{"embeddable":true,"href":"https:\/\/blogdorogeriogomes.com.br\/noticias\/wp-json\/wp\/v2\/comments?post=25827"}],"version-history":[{"count":2,"href":"https:\/\/blogdorogeriogomes.com.br\/noticias\/wp-json\/wp\/v2\/posts\/25827\/revisions"}],"predecessor-version":[{"id":25841,"href":"https:\/\/blogdorogeriogomes.com.br\/noticias\/wp-json\/wp\/v2\/posts\/25827\/revisions\/25841"}],"wp:featuredmedia":[{"embeddable":true,"href":"https:\/\/blogdorogeriogomes.com.br\/noticias\/wp-json\/wp\/v2\/media\/25828"}],"wp:attachment":[{"href":"https:\/\/blogdorogeriogomes.com.br\/noticias\/wp-json\/wp\/v2\/media?parent=25827"}],"wp:term":[{"taxonomy":"category","embeddable":true,"href":"https:\/\/blogdorogeriogomes.com.br\/noticias\/wp-json\/wp\/v2\/categories?post=25827"},{"taxonomy":"post_tag","embeddable":true,"href":"https:\/\/blogdorogeriogomes.com.br\/noticias\/wp-json\/wp\/v2\/tags?post=25827"}],"curies":[{"name":"wp","href":"https:\/\/api.w.org\/{rel}","templated":true}]}}