{"id":25849,"date":"2022-06-23T22:07:25","date_gmt":"2022-06-23T22:07:25","guid":{"rendered":"https:\/\/blogdorogeriogomes.com.br\/?p=25849"},"modified":"2022-06-24T10:40:53","modified_gmt":"2022-06-24T10:40:53","slug":"ordem-de-servico-para-reforma-do-mercado-sao-sebastiao-sera-assinada-nesta-sexta-feira","status":"publish","type":"post","link":"https:\/\/blogdorogeriogomes.com.br\/noticias\/2022\/06\/ordem-de-servico-para-reforma-do-mercado-sao-sebastiao-sera-assinada-nesta-sexta-feira\/","title":{"rendered":"Ordem de servi\u00e7o para reforma do Mercado S\u00e3o Sebasti\u00e3o ser\u00e1 assinada nesta sexta-feira"},"content":{"rendered":"\n<p>Ap\u00f3s destinar emenda parlamentar para a reforma do equipamento de Fortaleza, o deputado federal Andr\u00e9 Figueiredo participar\u00e1, nesta sexta-feira, dia 24 de junho, \u00e0s 9h30min, do evento de assinatura da Ordem de Servi\u00e7o para a reforma do Mercado S\u00e3o Sebasti\u00e3o. Juntando os recursos do munic\u00edpio e a emenda do parlamentar foi obtido o valor de R$ 1 milh\u00e3o para a obra.<\/p>\n\n\n\n<p>Dentre as melhorias anunciadas no espa\u00e7o est\u00e3o previstas a reforma da cobertura met\u00e1lica; reforma e pintura das esquadrias do Bloco C; pavimenta\u00e7\u00e3o e sinaliza\u00e7\u00e3o do estacionamento; reforma e manuten\u00e7\u00e3o das rampas dos passeios externos; al\u00e9m de interven\u00e7\u00f5es que visam \u00e0 preven\u00e7\u00e3o contra inc\u00eandio.<\/p>\n\n\n\n<figure class=\"wp-block-image size-large\"><img loading=\"lazy\" decoding=\"async\" width=\"1024\" height=\"682\" src=\"https:\/\/blogdorogeriogomes.com.br\/wp-content\/uploads\/2022\/06\/IMG-20220623-WA0099-1024x682.jpg\" alt=\"\" class=\"wp-image-25850\" srcset=\"https:\/\/blogdorogeriogomes.com.br\/noticias\/wp-content\/uploads\/2022\/06\/IMG-20220623-WA0099-1024x682.jpg 1024w, https:\/\/blogdorogeriogomes.com.br\/noticias\/wp-content\/uploads\/2022\/06\/IMG-20220623-WA0099-300x200.jpg 300w, https:\/\/blogdorogeriogomes.com.br\/noticias\/wp-content\/uploads\/2022\/06\/IMG-20220623-WA0099-768x512.jpg 768w, https:\/\/blogdorogeriogomes.com.br\/noticias\/wp-content\/uploads\/2022\/06\/IMG-20220623-WA0099-800x533.jpg 800w, https:\/\/blogdorogeriogomes.com.br\/noticias\/wp-content\/uploads\/2022\/06\/IMG-20220623-WA0099.jpg 1280w\" sizes=\"auto, (max-width: 1024px) 100vw, 1024px\" \/><\/figure>\n\n\n\n<p><\/p>\n","protected":false},"excerpt":{"rendered":"<p>Ap\u00f3s destinar emenda parlamentar para a reforma do equipamento de Fortaleza, o deputado federal Andr\u00e9 Figueiredo participar\u00e1, nesta sexta-feira, dia 24 de junho, \u00e0s 9h30min, do evento de assinatura da Ordem de Servi\u00e7o para a reforma do Mercado S\u00e3o Sebasti\u00e3o. Juntando os recursos do munic\u00edpio e a emenda do parlamentar foi obtido o valor de R$ 1 milh\u00e3o para a obra. Dentre as melhorias anunciadas no espa\u00e7o est\u00e3o previstas a reforma da cobertura met\u00e1lica; reforma e pintura das esquadrias&hellip;<\/p>\n","protected":false},"author":1,"featured_media":25850,"comment_status":"open","ping_status":"open","sticky":false,"template":"","format":"standard","meta":{"footnotes":""},"categories":[1],"tags":[],"class_list":["post-25849","post","type-post","status-publish","format-standard","has-post-thumbnail","hentry","category-noticias"],"_links":{"self":[{"href":"https:\/\/blogdorogeriogomes.com.br\/noticias\/wp-json\/wp\/v2\/posts\/25849","targetHints":{"allow":["GET"]}}],"collection":[{"href":"https:\/\/blogdorogeriogomes.com.br\/noticias\/wp-json\/wp\/v2\/posts"}],"about":[{"href":"https:\/\/blogdorogeriogomes.com.br\/noticias\/wp-json\/wp\/v2\/types\/post"}],"author":[{"embeddable":true,"href":"https:\/\/blogdorogeriogomes.com.br\/noticias\/wp-json\/wp\/v2\/users\/1"}],"replies":[{"embeddable":true,"href":"https:\/\/blogdorogeriogomes.com.br\/noticias\/wp-json\/wp\/v2\/comments?post=25849"}],"version-history":[{"count":1,"href":"https:\/\/blogdorogeriogomes.com.br\/noticias\/wp-json\/wp\/v2\/posts\/25849\/revisions"}],"predecessor-version":[{"id":25851,"href":"https:\/\/blogdorogeriogomes.com.br\/noticias\/wp-json\/wp\/v2\/posts\/25849\/revisions\/25851"}],"wp:featuredmedia":[{"embeddable":true,"href":"https:\/\/blogdorogeriogomes.com.br\/noticias\/wp-json\/wp\/v2\/media\/25850"}],"wp:attachment":[{"href":"https:\/\/blogdorogeriogomes.com.br\/noticias\/wp-json\/wp\/v2\/media?parent=25849"}],"wp:term":[{"taxonomy":"category","embeddable":true,"href":"https:\/\/blogdorogeriogomes.com.br\/noticias\/wp-json\/wp\/v2\/categories?post=25849"},{"taxonomy":"post_tag","embeddable":true,"href":"https:\/\/blogdorogeriogomes.com.br\/noticias\/wp-json\/wp\/v2\/tags?post=25849"}],"curies":[{"name":"wp","href":"https:\/\/api.w.org\/{rel}","templated":true}]}}