{"id":25852,"date":"2022-06-24T11:06:29","date_gmt":"2022-06-24T11:06:29","guid":{"rendered":"https:\/\/blogdorogeriogomes.com.br\/?p=25852"},"modified":"2022-06-27T11:38:15","modified_gmt":"2022-06-27T11:38:15","slug":"tre-do-ceara-apresenta-novas-urnas-eletronicas-para-eleicoes-de-2022","status":"publish","type":"post","link":"https:\/\/blogdorogeriogomes.com.br\/noticias\/2022\/06\/tre-do-ceara-apresenta-novas-urnas-eletronicas-para-eleicoes-de-2022\/","title":{"rendered":"TRE do Cear\u00e1 apresenta novas urnas eletr\u00f4nicas para elei\u00e7\u00f5es de 2022"},"content":{"rendered":"\n<p>O Tribunal Regional Eleitoral do Cear\u00e1 (TRE) apresentou os dois novos modelos de urnas eletr\u00f4nicas que ser\u00e3o utilizadas nas elei\u00e7\u00f5es deste ano, em outubro. Os novos modelos t\u00eam um processador 18 vezes mais r\u00e1pido que o modelo anterior, de 2015, e inaugura solu\u00e7\u00f5es de acessibilidade, como aprimoramento do sintetizador de voz para deficientes visuais e apresenta\u00e7\u00e3o com int\u00e9rprete de libras para indicar os cargos aos deficientes auditivos.<\/p>\n\n\n\n<p>Este ano, o TRE vai ampliar o n\u00famero de urnas que ser\u00e3o submetidas ao Teste de Integridade. Tamb\u00e9m ser\u00e1 criada uma Comiss\u00e3o de Seguran\u00e7a que planeja escolta para o momento de retorno das urnas eletr\u00f4nicas das sess\u00f5es eleitorais.<br><\/p>\n\n\n\n<figure class=\"wp-block-image size-full\"><img loading=\"lazy\" decoding=\"async\" width=\"754\" height=\"407\" src=\"https:\/\/blogdorogeriogomes.com.br\/wp-content\/uploads\/2022\/06\/images-2022-06-24T075606.195.jpeg\" alt=\"\" class=\"wp-image-25853\" srcset=\"https:\/\/blogdorogeriogomes.com.br\/noticias\/wp-content\/uploads\/2022\/06\/images-2022-06-24T075606.195.jpeg 754w, https:\/\/blogdorogeriogomes.com.br\/noticias\/wp-content\/uploads\/2022\/06\/images-2022-06-24T075606.195-300x162.jpeg 300w\" sizes=\"auto, (max-width: 754px) 100vw, 754px\" \/><\/figure>\n\n\n\n<p><br><\/p>\n\n\n\n<p><br><\/p>\n","protected":false},"excerpt":{"rendered":"<p>O Tribunal Regional Eleitoral do Cear\u00e1 (TRE) apresentou os dois novos modelos de urnas eletr\u00f4nicas que ser\u00e3o utilizadas nas elei\u00e7\u00f5es deste ano, em outubro. Os novos modelos t\u00eam um processador 18 vezes mais r\u00e1pido que o modelo anterior, de 2015, e inaugura solu\u00e7\u00f5es de acessibilidade, como aprimoramento do sintetizador de voz para deficientes visuais e apresenta\u00e7\u00e3o com int\u00e9rprete de libras para indicar os cargos aos deficientes auditivos. Este ano, o TRE vai ampliar o n\u00famero de urnas que ser\u00e3o&hellip;<\/p>\n","protected":false},"author":1,"featured_media":25853,"comment_status":"open","ping_status":"open","sticky":false,"template":"","format":"standard","meta":{"footnotes":""},"categories":[1],"tags":[],"class_list":["post-25852","post","type-post","status-publish","format-standard","has-post-thumbnail","hentry","category-noticias"],"_links":{"self":[{"href":"https:\/\/blogdorogeriogomes.com.br\/noticias\/wp-json\/wp\/v2\/posts\/25852","targetHints":{"allow":["GET"]}}],"collection":[{"href":"https:\/\/blogdorogeriogomes.com.br\/noticias\/wp-json\/wp\/v2\/posts"}],"about":[{"href":"https:\/\/blogdorogeriogomes.com.br\/noticias\/wp-json\/wp\/v2\/types\/post"}],"author":[{"embeddable":true,"href":"https:\/\/blogdorogeriogomes.com.br\/noticias\/wp-json\/wp\/v2\/users\/1"}],"replies":[{"embeddable":true,"href":"https:\/\/blogdorogeriogomes.com.br\/noticias\/wp-json\/wp\/v2\/comments?post=25852"}],"version-history":[{"count":1,"href":"https:\/\/blogdorogeriogomes.com.br\/noticias\/wp-json\/wp\/v2\/posts\/25852\/revisions"}],"predecessor-version":[{"id":25854,"href":"https:\/\/blogdorogeriogomes.com.br\/noticias\/wp-json\/wp\/v2\/posts\/25852\/revisions\/25854"}],"wp:featuredmedia":[{"embeddable":true,"href":"https:\/\/blogdorogeriogomes.com.br\/noticias\/wp-json\/wp\/v2\/media\/25853"}],"wp:attachment":[{"href":"https:\/\/blogdorogeriogomes.com.br\/noticias\/wp-json\/wp\/v2\/media?parent=25852"}],"wp:term":[{"taxonomy":"category","embeddable":true,"href":"https:\/\/blogdorogeriogomes.com.br\/noticias\/wp-json\/wp\/v2\/categories?post=25852"},{"taxonomy":"post_tag","embeddable":true,"href":"https:\/\/blogdorogeriogomes.com.br\/noticias\/wp-json\/wp\/v2\/tags?post=25852"}],"curies":[{"name":"wp","href":"https:\/\/api.w.org\/{rel}","templated":true}]}}