{"id":25858,"date":"2022-06-24T20:48:39","date_gmt":"2022-06-24T20:48:39","guid":{"rendered":"https:\/\/blogdorogeriogomes.com.br\/?p=25858"},"modified":"2022-06-27T11:37:57","modified_gmt":"2022-06-27T11:37:57","slug":"prefeitura-de-fortaleza-anuncia-que-pv-esta-liberado-para-publico-com-mais-de-20-mil-pessoas","status":"publish","type":"post","link":"https:\/\/blogdorogeriogomes.com.br\/noticias\/2022\/06\/prefeitura-de-fortaleza-anuncia-que-pv-esta-liberado-para-publico-com-mais-de-20-mil-pessoas\/","title":{"rendered":"Prefeitura de Fortaleza anuncia que PV est\u00e1 liberado para p\u00fablico at\u00e9 20 mil pessoas"},"content":{"rendered":"\n<p>O prefeito de Fortaleza, Jos\u00e9 Sarto (PDT), anunciou nesta sexta-feira, dia 24 de junho, que o est\u00e1dio Presidente Vargas est\u00e1 liberado para receber sua capacidade total de p\u00fablico, que \u00e9 de 20.166 torcedores. Assim, o est\u00e1dio passa a ser op\u00e7\u00e3o para jogos de Cear\u00e1 e Fortaleza pelo Brasileir\u00e3o diante das m\u00e1s condi\u00e7\u00f5es do gramado da Arena Castel\u00e3o.<\/p>\n\n\n\n<p>Al\u00e9m disso, a Secretaria Municipal do Esporte e Lazer (Secel), que administra o PV, finalizou a instala\u00e7\u00e3o do circuito fechado de videomonitoramento. O est\u00e1dio, reinaugurado em maio deste ano, j\u00e1 havia recebido os laudos do Corpo de Bombeiros, da Pol\u00edcia Militar, do CREA e da Vigil\u00e2ncia Sanit\u00e1ria e j\u00e1 estava autorizado a funcionar com a capacidade m\u00e1xima. A recomenda\u00e7\u00e3o do Estatuto do Torcedor, no entanto, limitava o p\u00fablico em at\u00e9 10 mil pessoas.<\/p>\n\n\n\n<p>&#8220;Agora, com o circuito de videomonitoramento, o equipamento come\u00e7ar\u00e1 a operar considerando a capacidade total&#8221;, disse Jos\u00e9 Sarto.<\/p>\n\n\n\n<figure class=\"wp-block-image size-large\"><img loading=\"lazy\" decoding=\"async\" width=\"1024\" height=\"576\" src=\"https:\/\/blogdorogeriogomes.com.br\/wp-content\/uploads\/2022\/06\/IMG-20220624-WA0118-1024x576.jpg\" alt=\"\" class=\"wp-image-25859\" srcset=\"https:\/\/blogdorogeriogomes.com.br\/noticias\/wp-content\/uploads\/2022\/06\/IMG-20220624-WA0118-1024x576.jpg 1024w, https:\/\/blogdorogeriogomes.com.br\/noticias\/wp-content\/uploads\/2022\/06\/IMG-20220624-WA0118-300x169.jpg 300w, https:\/\/blogdorogeriogomes.com.br\/noticias\/wp-content\/uploads\/2022\/06\/IMG-20220624-WA0118-768x432.jpg 768w, https:\/\/blogdorogeriogomes.com.br\/noticias\/wp-content\/uploads\/2022\/06\/IMG-20220624-WA0118-800x450.jpg 800w, https:\/\/blogdorogeriogomes.com.br\/noticias\/wp-content\/uploads\/2022\/06\/IMG-20220624-WA0118.jpg 1080w\" sizes=\"auto, (max-width: 1024px) 100vw, 1024px\" \/><\/figure>\n","protected":false},"excerpt":{"rendered":"<p>O prefeito de Fortaleza, Jos\u00e9 Sarto (PDT), anunciou nesta sexta-feira, dia 24 de junho, que o est\u00e1dio Presidente Vargas est\u00e1 liberado para receber sua capacidade total de p\u00fablico, que \u00e9 de 20.166 torcedores. Assim, o est\u00e1dio passa a ser op\u00e7\u00e3o para jogos de Cear\u00e1 e Fortaleza pelo Brasileir\u00e3o diante das m\u00e1s condi\u00e7\u00f5es do gramado da Arena Castel\u00e3o. Al\u00e9m disso, a Secretaria Municipal do Esporte e Lazer (Secel), que administra o PV, finalizou a instala\u00e7\u00e3o do circuito fechado de videomonitoramento.&hellip;<\/p>\n","protected":false},"author":1,"featured_media":25859,"comment_status":"open","ping_status":"open","sticky":false,"template":"","format":"standard","meta":{"footnotes":""},"categories":[1],"tags":[],"class_list":["post-25858","post","type-post","status-publish","format-standard","has-post-thumbnail","hentry","category-noticias"],"_links":{"self":[{"href":"https:\/\/blogdorogeriogomes.com.br\/noticias\/wp-json\/wp\/v2\/posts\/25858","targetHints":{"allow":["GET"]}}],"collection":[{"href":"https:\/\/blogdorogeriogomes.com.br\/noticias\/wp-json\/wp\/v2\/posts"}],"about":[{"href":"https:\/\/blogdorogeriogomes.com.br\/noticias\/wp-json\/wp\/v2\/types\/post"}],"author":[{"embeddable":true,"href":"https:\/\/blogdorogeriogomes.com.br\/noticias\/wp-json\/wp\/v2\/users\/1"}],"replies":[{"embeddable":true,"href":"https:\/\/blogdorogeriogomes.com.br\/noticias\/wp-json\/wp\/v2\/comments?post=25858"}],"version-history":[{"count":2,"href":"https:\/\/blogdorogeriogomes.com.br\/noticias\/wp-json\/wp\/v2\/posts\/25858\/revisions"}],"predecessor-version":[{"id":25861,"href":"https:\/\/blogdorogeriogomes.com.br\/noticias\/wp-json\/wp\/v2\/posts\/25858\/revisions\/25861"}],"wp:featuredmedia":[{"embeddable":true,"href":"https:\/\/blogdorogeriogomes.com.br\/noticias\/wp-json\/wp\/v2\/media\/25859"}],"wp:attachment":[{"href":"https:\/\/blogdorogeriogomes.com.br\/noticias\/wp-json\/wp\/v2\/media?parent=25858"}],"wp:term":[{"taxonomy":"category","embeddable":true,"href":"https:\/\/blogdorogeriogomes.com.br\/noticias\/wp-json\/wp\/v2\/categories?post=25858"},{"taxonomy":"post_tag","embeddable":true,"href":"https:\/\/blogdorogeriogomes.com.br\/noticias\/wp-json\/wp\/v2\/tags?post=25858"}],"curies":[{"name":"wp","href":"https:\/\/api.w.org\/{rel}","templated":true}]}}