{"id":25865,"date":"2022-06-25T12:05:39","date_gmt":"2022-06-25T12:05:39","guid":{"rendered":"https:\/\/blogdorogeriogomes.com.br\/?p=25865"},"modified":"2022-06-27T11:37:31","modified_gmt":"2022-06-27T11:37:31","slug":"pdt-vai-a-pgr-contra-ministro-da-defesa-apos-noticia-crime-contra-o-presidenciavel-ciro-gomes","status":"publish","type":"post","link":"https:\/\/blogdorogeriogomes.com.br\/noticias\/2022\/06\/pdt-vai-a-pgr-contra-ministro-da-defesa-apos-noticia-crime-contra-o-presidenciavel-ciro-gomes\/","title":{"rendered":"PDT vai \u00e0 PGR contra ministro da Defesa ap\u00f3s not\u00edcia-crime contra o presidenci\u00e1vel Ciro Gomes"},"content":{"rendered":"\n<p>O PDT resolveu agir na troca de farpas entre o presidenciavel Ciro Gomes e as For\u00e7as Armadas. A dire\u00e7\u00e3o do partido entrou com uma not\u00edcia-crime na Procuradoria-Geral da Rep\u00fablica (PGR) para pedir a investiga\u00e7\u00e3o do ministro da Defesa, Paulo S\u00e9rgio Nogueira de Oliveira, pelo crime de denuncia\u00e7\u00e3o caluniosa. A a\u00e7\u00e3o ocorre ap\u00f3s a pasta e as For\u00e7as Armadas terem enviado \u00e0 PGR uma a\u00e7\u00e3o contra o ex-ministro Ciro Gomes. Em nota conjunta, as institui\u00e7\u00f5es criticaram o que chamaram de &#8220;irrespons\u00e1veis declara\u00e7\u00f5es&#8221; do presidenci\u00e1vel.<\/p>\n\n\n\n<p>Em entrevista \u00e0 CBN, Ciro disse que o Minist\u00e9rio da Defesa \u00e9 conivente com o crime organizado na Amaz\u00f4nia. Ciro afirmou que a not\u00edcia-crime &#8220;mais uma vez explicita o grau de politiza\u00e7\u00e3o do atual comando das For\u00e7as Armadas&#8221;, relacionando o incidente \u00e0 influ\u00eancia do governo Jair Bolsonaro na institui\u00e7\u00e3o.<\/p>\n\n\n\n<p>Carlos Lupi, presidente nacional do PDT, alega que o &#8220;pr\u00e9-candidato exerceu seu direito de express\u00e3o e n\u00e3o provocou quaisquer ataques \u00e0 democracia&#8221; como apontado na nota conjunta das institui\u00e7\u00f5es.<\/p>\n\n\n\n<figure class=\"wp-block-image size-full\"><img loading=\"lazy\" decoding=\"async\" width=\"640\" height=\"479\" src=\"https:\/\/blogdorogeriogomes.com.br\/wp-content\/uploads\/2022\/06\/images-2022-06-25T085516.906.jpeg\" alt=\"\" class=\"wp-image-25866\" srcset=\"https:\/\/blogdorogeriogomes.com.br\/noticias\/wp-content\/uploads\/2022\/06\/images-2022-06-25T085516.906.jpeg 640w, https:\/\/blogdorogeriogomes.com.br\/noticias\/wp-content\/uploads\/2022\/06\/images-2022-06-25T085516.906-300x225.jpeg 300w, https:\/\/blogdorogeriogomes.com.br\/noticias\/wp-content\/uploads\/2022\/06\/images-2022-06-25T085516.906-400x300.jpeg 400w\" sizes=\"auto, (max-width: 640px) 100vw, 640px\" \/><\/figure>\n","protected":false},"excerpt":{"rendered":"<p>O PDT resolveu agir na troca de farpas entre o presidenciavel Ciro Gomes e as For\u00e7as Armadas. A dire\u00e7\u00e3o do partido entrou com uma not\u00edcia-crime na Procuradoria-Geral da Rep\u00fablica (PGR) para pedir a investiga\u00e7\u00e3o do ministro da Defesa, Paulo S\u00e9rgio Nogueira de Oliveira, pelo crime de denuncia\u00e7\u00e3o caluniosa. A a\u00e7\u00e3o ocorre ap\u00f3s a pasta e as For\u00e7as Armadas terem enviado \u00e0 PGR uma a\u00e7\u00e3o contra o ex-ministro Ciro Gomes. Em nota conjunta, as institui\u00e7\u00f5es criticaram o que chamaram de&hellip;<\/p>\n","protected":false},"author":1,"featured_media":25866,"comment_status":"open","ping_status":"open","sticky":false,"template":"","format":"standard","meta":{"footnotes":""},"categories":[1],"tags":[],"class_list":["post-25865","post","type-post","status-publish","format-standard","has-post-thumbnail","hentry","category-noticias"],"_links":{"self":[{"href":"https:\/\/blogdorogeriogomes.com.br\/noticias\/wp-json\/wp\/v2\/posts\/25865","targetHints":{"allow":["GET"]}}],"collection":[{"href":"https:\/\/blogdorogeriogomes.com.br\/noticias\/wp-json\/wp\/v2\/posts"}],"about":[{"href":"https:\/\/blogdorogeriogomes.com.br\/noticias\/wp-json\/wp\/v2\/types\/post"}],"author":[{"embeddable":true,"href":"https:\/\/blogdorogeriogomes.com.br\/noticias\/wp-json\/wp\/v2\/users\/1"}],"replies":[{"embeddable":true,"href":"https:\/\/blogdorogeriogomes.com.br\/noticias\/wp-json\/wp\/v2\/comments?post=25865"}],"version-history":[{"count":1,"href":"https:\/\/blogdorogeriogomes.com.br\/noticias\/wp-json\/wp\/v2\/posts\/25865\/revisions"}],"predecessor-version":[{"id":25867,"href":"https:\/\/blogdorogeriogomes.com.br\/noticias\/wp-json\/wp\/v2\/posts\/25865\/revisions\/25867"}],"wp:featuredmedia":[{"embeddable":true,"href":"https:\/\/blogdorogeriogomes.com.br\/noticias\/wp-json\/wp\/v2\/media\/25866"}],"wp:attachment":[{"href":"https:\/\/blogdorogeriogomes.com.br\/noticias\/wp-json\/wp\/v2\/media?parent=25865"}],"wp:term":[{"taxonomy":"category","embeddable":true,"href":"https:\/\/blogdorogeriogomes.com.br\/noticias\/wp-json\/wp\/v2\/categories?post=25865"},{"taxonomy":"post_tag","embeddable":true,"href":"https:\/\/blogdorogeriogomes.com.br\/noticias\/wp-json\/wp\/v2\/tags?post=25865"}],"curies":[{"name":"wp","href":"https:\/\/api.w.org\/{rel}","templated":true}]}}