{"id":25871,"date":"2022-06-27T13:14:12","date_gmt":"2022-06-27T13:14:12","guid":{"rendered":"https:\/\/blogdorogeriogomes.com.br\/?p=25871"},"modified":"2022-06-29T13:04:45","modified_gmt":"2022-06-29T13:04:45","slug":"apesar-do-crescimento-de-casos-fortaleza-esta-ha-um-mes-sem-registro-de-morte-por-covid-19","status":"publish","type":"post","link":"https:\/\/blogdorogeriogomes.com.br\/noticias\/2022\/06\/apesar-do-crescimento-de-casos-fortaleza-esta-ha-um-mes-sem-registro-de-morte-por-covid-19\/","title":{"rendered":"Apesar do crescimento de casos, Fortaleza est\u00e1 h\u00e1 um m\u00eas sem registro de morte por Covid-19"},"content":{"rendered":"\n<p>O munic\u00edpio de Fortaleza est\u00e1 h\u00e1 um m\u00eas sem registrar mortes por Covid-19. Segundo dados da plataforma IntegraSUS, o \u00faltimo \u00f3bito por complica\u00e7\u00f5es com o coronav\u00edrus na Capital foi no dia 25 de maio. No entanto, tem crescido o n\u00famero de casos em Fortaleza. Os registros aumentaram cinco vezes nos \u00faltimos dias.<\/p>\n\n\n\n<p>De acordo com a Secretaria de Sa\u00fade de Fortaleza, 4.572 pessoas foram diagnosticadas com Covid-19 no per\u00edodo de 1\u00ba a 25 de junho. Este \u00e9 o maior registro desde fevereiro deste ano, quando a Capital contabilizou 4.869 pessoas com Covid.<\/p>\n\n\n\n<p>A partir desta segunda-feira, dia 27 de junho, Fortaleza passa a contar com seis centros de testagem gratuita contra a Covid-19&nbsp;para pessoas assintom\u00e1ticas. O servi\u00e7o vai funcionar em postos de sa\u00fade e vai atender 240 usu\u00e1rios assintom\u00e1ticos por dia, das 8 \u00e0s 12 horas, e das 13 \u00e0s 17 horas. J\u00e1 para os pacientes sintom\u00e1ticos, continuar\u00e3o sendo disponibilizadas as testagens gratuitas nos 116 postos de sa\u00fade da Capital.<\/p>\n\n\n\n<figure class=\"wp-block-image size-full\"><img loading=\"lazy\" decoding=\"async\" width=\"678\" height=\"452\" src=\"https:\/\/blogdorogeriogomes.com.br\/wp-content\/uploads\/2022\/06\/images-2022-06-27T100553.459.jpeg\" alt=\"\" class=\"wp-image-25872\" srcset=\"https:\/\/blogdorogeriogomes.com.br\/noticias\/wp-content\/uploads\/2022\/06\/images-2022-06-27T100553.459.jpeg 678w, https:\/\/blogdorogeriogomes.com.br\/noticias\/wp-content\/uploads\/2022\/06\/images-2022-06-27T100553.459-300x200.jpeg 300w\" sizes=\"auto, (max-width: 678px) 100vw, 678px\" \/><\/figure>\n","protected":false},"excerpt":{"rendered":"<p>O munic\u00edpio de Fortaleza est\u00e1 h\u00e1 um m\u00eas sem registrar mortes por Covid-19. Segundo dados da plataforma IntegraSUS, o \u00faltimo \u00f3bito por complica\u00e7\u00f5es com o coronav\u00edrus na Capital foi no dia 25 de maio. No entanto, tem crescido o n\u00famero de casos em Fortaleza. Os registros aumentaram cinco vezes nos \u00faltimos dias. De acordo com a Secretaria de Sa\u00fade de Fortaleza, 4.572 pessoas foram diagnosticadas com Covid-19 no per\u00edodo de 1\u00ba a 25 de junho. Este \u00e9 o maior&hellip;<\/p>\n","protected":false},"author":1,"featured_media":25872,"comment_status":"open","ping_status":"open","sticky":false,"template":"","format":"standard","meta":{"footnotes":""},"categories":[1],"tags":[],"class_list":["post-25871","post","type-post","status-publish","format-standard","has-post-thumbnail","hentry","category-noticias"],"_links":{"self":[{"href":"https:\/\/blogdorogeriogomes.com.br\/noticias\/wp-json\/wp\/v2\/posts\/25871","targetHints":{"allow":["GET"]}}],"collection":[{"href":"https:\/\/blogdorogeriogomes.com.br\/noticias\/wp-json\/wp\/v2\/posts"}],"about":[{"href":"https:\/\/blogdorogeriogomes.com.br\/noticias\/wp-json\/wp\/v2\/types\/post"}],"author":[{"embeddable":true,"href":"https:\/\/blogdorogeriogomes.com.br\/noticias\/wp-json\/wp\/v2\/users\/1"}],"replies":[{"embeddable":true,"href":"https:\/\/blogdorogeriogomes.com.br\/noticias\/wp-json\/wp\/v2\/comments?post=25871"}],"version-history":[{"count":2,"href":"https:\/\/blogdorogeriogomes.com.br\/noticias\/wp-json\/wp\/v2\/posts\/25871\/revisions"}],"predecessor-version":[{"id":25910,"href":"https:\/\/blogdorogeriogomes.com.br\/noticias\/wp-json\/wp\/v2\/posts\/25871\/revisions\/25910"}],"wp:featuredmedia":[{"embeddable":true,"href":"https:\/\/blogdorogeriogomes.com.br\/noticias\/wp-json\/wp\/v2\/media\/25872"}],"wp:attachment":[{"href":"https:\/\/blogdorogeriogomes.com.br\/noticias\/wp-json\/wp\/v2\/media?parent=25871"}],"wp:term":[{"taxonomy":"category","embeddable":true,"href":"https:\/\/blogdorogeriogomes.com.br\/noticias\/wp-json\/wp\/v2\/categories?post=25871"},{"taxonomy":"post_tag","embeddable":true,"href":"https:\/\/blogdorogeriogomes.com.br\/noticias\/wp-json\/wp\/v2\/tags?post=25871"}],"curies":[{"name":"wp","href":"https:\/\/api.w.org\/{rel}","templated":true}]}}