{"id":25877,"date":"2022-06-27T22:59:16","date_gmt":"2022-06-27T22:59:16","guid":{"rendered":"https:\/\/blogdorogeriogomes.com.br\/?p=25877"},"modified":"2022-06-29T13:04:25","modified_gmt":"2022-06-29T13:04:25","slug":"vereadores-defendem-que-prefeitura-de-fortaleza-suspenda-negociacoes-com-a-lubnor-ate-depois-do-processo-eleitoral-deste-ano","status":"publish","type":"post","link":"https:\/\/blogdorogeriogomes.com.br\/noticias\/2022\/06\/vereadores-defendem-que-prefeitura-de-fortaleza-suspenda-negociacoes-com-a-lubnor-ate-depois-do-processo-eleitoral-deste-ano\/","title":{"rendered":"Vereadores defendem que Prefeitura de Fortaleza suspenda negocia\u00e7\u00f5es com a Lubnor at\u00e9 depois do processo eleitoral deste ano"},"content":{"rendered":"\n<p>A C\u00e2mara Municipal de Fortaleza realizou nesta segunda-feira, dia 27 de junho, uma audi\u00eancia p\u00fablica com objetivo de debater a import\u00e2ncia da manuten\u00e7\u00e3o da refinaria de Lubrificantes e Derivados do Nordeste (Lubnor) e dos ativos da Petrobr\u00e1s em Fortaleza. A audi\u00eancia p\u00fablica foi uma iniciativa do vereador Guilherme Sampaio (PT).<\/p>\n\n\n\n<p>Parlamentares defendem que discuss\u00e3o sobre venda do terreno da refinaria n\u00e3o aconte\u00e7a em ano eleitoral. Segundo Guilherme Sampaio, o prefeito de Fortaleza, Jos\u00e9 Sarto (PDT), deveria suspender o di\u00e1logo com a dire\u00e7\u00e3o da Lubnor at\u00e9 dezembro deste ano. <\/p>\n\n\n\n<p>A prefeitura de Fortaleza entrou na Justi\u00e7a contra a venda da Lubnor e suas estruturas portu\u00e1rias, por quest\u00f5es relacionadas ao terreno onde a unidade est\u00e1 instalada. De acordo com a prefeitura, uma parcela de 30% da \u00e1rea onde se localiza a Lubnor pertence ao munic\u00edpio, mas a Petrobr\u00e1s n\u00e3o teria informado a negocia\u00e7\u00e3o, nem chegado a um acordo com o governo local para o ressarcimento adequado dos cofres p\u00fablicos.<\/p>\n\n\n\n<figure class=\"wp-block-image size-full\"><img loading=\"lazy\" decoding=\"async\" width=\"1024\" height=\"768\" src=\"https:\/\/blogdorogeriogomes.com.br\/wp-content\/uploads\/2022\/06\/WhatsApp-Image-2022-06-27-at-10.18.38-1024x768-1.jpeg\" alt=\"\" class=\"wp-image-25878\" srcset=\"https:\/\/blogdorogeriogomes.com.br\/noticias\/wp-content\/uploads\/2022\/06\/WhatsApp-Image-2022-06-27-at-10.18.38-1024x768-1.jpeg 1024w, https:\/\/blogdorogeriogomes.com.br\/noticias\/wp-content\/uploads\/2022\/06\/WhatsApp-Image-2022-06-27-at-10.18.38-1024x768-1-300x225.jpeg 300w, https:\/\/blogdorogeriogomes.com.br\/noticias\/wp-content\/uploads\/2022\/06\/WhatsApp-Image-2022-06-27-at-10.18.38-1024x768-1-768x576.jpeg 768w, https:\/\/blogdorogeriogomes.com.br\/noticias\/wp-content\/uploads\/2022\/06\/WhatsApp-Image-2022-06-27-at-10.18.38-1024x768-1-800x600.jpeg 800w, https:\/\/blogdorogeriogomes.com.br\/noticias\/wp-content\/uploads\/2022\/06\/WhatsApp-Image-2022-06-27-at-10.18.38-1024x768-1-400x300.jpeg 400w\" sizes=\"auto, (max-width: 1024px) 100vw, 1024px\" \/><\/figure>\n","protected":false},"excerpt":{"rendered":"<p>A C\u00e2mara Municipal de Fortaleza realizou nesta segunda-feira, dia 27 de junho, uma audi\u00eancia p\u00fablica com objetivo de debater a import\u00e2ncia da manuten\u00e7\u00e3o da refinaria de Lubrificantes e Derivados do Nordeste (Lubnor) e dos ativos da Petrobr\u00e1s em Fortaleza. A audi\u00eancia p\u00fablica foi uma iniciativa do vereador Guilherme Sampaio (PT). Parlamentares defendem que discuss\u00e3o sobre venda do terreno da refinaria n\u00e3o aconte\u00e7a em ano eleitoral. Segundo Guilherme Sampaio, o prefeito de Fortaleza, Jos\u00e9 Sarto (PDT), deveria suspender o di\u00e1logo&hellip;<\/p>\n","protected":false},"author":1,"featured_media":25878,"comment_status":"open","ping_status":"open","sticky":false,"template":"","format":"standard","meta":{"footnotes":""},"categories":[1],"tags":[],"class_list":["post-25877","post","type-post","status-publish","format-standard","has-post-thumbnail","hentry","category-noticias"],"_links":{"self":[{"href":"https:\/\/blogdorogeriogomes.com.br\/noticias\/wp-json\/wp\/v2\/posts\/25877","targetHints":{"allow":["GET"]}}],"collection":[{"href":"https:\/\/blogdorogeriogomes.com.br\/noticias\/wp-json\/wp\/v2\/posts"}],"about":[{"href":"https:\/\/blogdorogeriogomes.com.br\/noticias\/wp-json\/wp\/v2\/types\/post"}],"author":[{"embeddable":true,"href":"https:\/\/blogdorogeriogomes.com.br\/noticias\/wp-json\/wp\/v2\/users\/1"}],"replies":[{"embeddable":true,"href":"https:\/\/blogdorogeriogomes.com.br\/noticias\/wp-json\/wp\/v2\/comments?post=25877"}],"version-history":[{"count":1,"href":"https:\/\/blogdorogeriogomes.com.br\/noticias\/wp-json\/wp\/v2\/posts\/25877\/revisions"}],"predecessor-version":[{"id":25879,"href":"https:\/\/blogdorogeriogomes.com.br\/noticias\/wp-json\/wp\/v2\/posts\/25877\/revisions\/25879"}],"wp:featuredmedia":[{"embeddable":true,"href":"https:\/\/blogdorogeriogomes.com.br\/noticias\/wp-json\/wp\/v2\/media\/25878"}],"wp:attachment":[{"href":"https:\/\/blogdorogeriogomes.com.br\/noticias\/wp-json\/wp\/v2\/media?parent=25877"}],"wp:term":[{"taxonomy":"category","embeddable":true,"href":"https:\/\/blogdorogeriogomes.com.br\/noticias\/wp-json\/wp\/v2\/categories?post=25877"},{"taxonomy":"post_tag","embeddable":true,"href":"https:\/\/blogdorogeriogomes.com.br\/noticias\/wp-json\/wp\/v2\/tags?post=25877"}],"curies":[{"name":"wp","href":"https:\/\/api.w.org\/{rel}","templated":true}]}}