{"id":25883,"date":"2022-06-27T23:23:47","date_gmt":"2022-06-27T23:23:47","guid":{"rendered":"https:\/\/blogdorogeriogomes.com.br\/?p=25883"},"modified":"2022-06-29T13:03:32","modified_gmt":"2022-06-29T13:03:32","slug":"jose-sarto-negocia-em-brasilia-recursos-do-caf-para-investimentos-em-fortaleza","status":"publish","type":"post","link":"https:\/\/blogdorogeriogomes.com.br\/noticias\/2022\/06\/jose-sarto-negocia-em-brasilia-recursos-do-caf-para-investimentos-em-fortaleza\/","title":{"rendered":"Jos\u00e9 Sarto negocia em Bras\u00edlia recursos do CAF para investimentos em Fortaleza"},"content":{"rendered":"\n<p>O prefeito de Fortaleza, Jos\u00e9 Sarto (PDT) esteve em Bras\u00edlia, nesta segunda-feira, dia 27 de junho, para uma reuni\u00e3o no Banco de Desenvolvimento da Am\u00e9rica Latina (CAF). O objetivo foi prospectar novos investimentos para a Capital.<\/p>\n\n\n\n<p>A CAF \u00e9 parceira da Prefeitura de Fortaleza na execu\u00e7\u00e3o de projetos principalmente nas \u00e1reas de infraestutura, educa\u00e7\u00e3o, meio ambiente, desenvolvimento econ\u00f4mico e turismo. Entre as a\u00e7\u00f5es, est\u00e3o o projeto Beira-Rio, na Barra do Cear\u00e1, o Programa de Infraestrutura em Educa\u00e7\u00e3o e Saneamento de Fortaleza (Proinfra), a constru\u00e7\u00e3o de escolas de tempo integral, o plantio de cinco mil \u00e1rvores de grande porte em vias e obras p\u00fablicas, o Meu Bairro Empreendedor e a\u00e7\u00f5es de capacita\u00e7\u00e3o.<\/p>\n\n\n\n<p>&#8220;Durante o encontro, atualizamos informa\u00e7\u00f5es sobre os trabalhos em andamento. Em breve, anunciaremos mais projetos para Fortaleza&#8221;, destacou o prefeito Jos\u00e9 Sarto.<\/p>\n\n\n\n<figure class=\"wp-block-image size-large\"><img loading=\"lazy\" decoding=\"async\" width=\"1024\" height=\"768\" src=\"https:\/\/blogdorogeriogomes.com.br\/wp-content\/uploads\/2022\/06\/IMG-20220627-WA0104-1024x768.jpg\" alt=\"\" class=\"wp-image-25884\" srcset=\"https:\/\/blogdorogeriogomes.com.br\/noticias\/wp-content\/uploads\/2022\/06\/IMG-20220627-WA0104-1024x768.jpg 1024w, https:\/\/blogdorogeriogomes.com.br\/noticias\/wp-content\/uploads\/2022\/06\/IMG-20220627-WA0104-300x225.jpg 300w, https:\/\/blogdorogeriogomes.com.br\/noticias\/wp-content\/uploads\/2022\/06\/IMG-20220627-WA0104-768x576.jpg 768w, https:\/\/blogdorogeriogomes.com.br\/noticias\/wp-content\/uploads\/2022\/06\/IMG-20220627-WA0104-800x600.jpg 800w, https:\/\/blogdorogeriogomes.com.br\/noticias\/wp-content\/uploads\/2022\/06\/IMG-20220627-WA0104-400x300.jpg 400w, https:\/\/blogdorogeriogomes.com.br\/noticias\/wp-content\/uploads\/2022\/06\/IMG-20220627-WA0104.jpg 1080w\" sizes=\"auto, (max-width: 1024px) 100vw, 1024px\" \/><\/figure>\n","protected":false},"excerpt":{"rendered":"<p>O prefeito de Fortaleza, Jos\u00e9 Sarto (PDT) esteve em Bras\u00edlia, nesta segunda-feira, dia 27 de junho, para uma reuni\u00e3o no Banco de Desenvolvimento da Am\u00e9rica Latina (CAF). O objetivo foi prospectar novos investimentos para a Capital. A CAF \u00e9 parceira da Prefeitura de Fortaleza na execu\u00e7\u00e3o de projetos principalmente nas \u00e1reas de infraestutura, educa\u00e7\u00e3o, meio ambiente, desenvolvimento econ\u00f4mico e turismo. Entre as a\u00e7\u00f5es, est\u00e3o o projeto Beira-Rio, na Barra do Cear\u00e1, o Programa de Infraestrutura em Educa\u00e7\u00e3o e Saneamento&hellip;<\/p>\n","protected":false},"author":1,"featured_media":25884,"comment_status":"open","ping_status":"open","sticky":false,"template":"","format":"standard","meta":{"footnotes":""},"categories":[1],"tags":[],"class_list":["post-25883","post","type-post","status-publish","format-standard","has-post-thumbnail","hentry","category-noticias"],"_links":{"self":[{"href":"https:\/\/blogdorogeriogomes.com.br\/noticias\/wp-json\/wp\/v2\/posts\/25883","targetHints":{"allow":["GET"]}}],"collection":[{"href":"https:\/\/blogdorogeriogomes.com.br\/noticias\/wp-json\/wp\/v2\/posts"}],"about":[{"href":"https:\/\/blogdorogeriogomes.com.br\/noticias\/wp-json\/wp\/v2\/types\/post"}],"author":[{"embeddable":true,"href":"https:\/\/blogdorogeriogomes.com.br\/noticias\/wp-json\/wp\/v2\/users\/1"}],"replies":[{"embeddable":true,"href":"https:\/\/blogdorogeriogomes.com.br\/noticias\/wp-json\/wp\/v2\/comments?post=25883"}],"version-history":[{"count":1,"href":"https:\/\/blogdorogeriogomes.com.br\/noticias\/wp-json\/wp\/v2\/posts\/25883\/revisions"}],"predecessor-version":[{"id":25885,"href":"https:\/\/blogdorogeriogomes.com.br\/noticias\/wp-json\/wp\/v2\/posts\/25883\/revisions\/25885"}],"wp:featuredmedia":[{"embeddable":true,"href":"https:\/\/blogdorogeriogomes.com.br\/noticias\/wp-json\/wp\/v2\/media\/25884"}],"wp:attachment":[{"href":"https:\/\/blogdorogeriogomes.com.br\/noticias\/wp-json\/wp\/v2\/media?parent=25883"}],"wp:term":[{"taxonomy":"category","embeddable":true,"href":"https:\/\/blogdorogeriogomes.com.br\/noticias\/wp-json\/wp\/v2\/categories?post=25883"},{"taxonomy":"post_tag","embeddable":true,"href":"https:\/\/blogdorogeriogomes.com.br\/noticias\/wp-json\/wp\/v2\/tags?post=25883"}],"curies":[{"name":"wp","href":"https:\/\/api.w.org\/{rel}","templated":true}]}}