{"id":25892,"date":"2022-06-28T18:38:35","date_gmt":"2022-06-28T18:38:35","guid":{"rendered":"https:\/\/blogdorogeriogomes.com.br\/?p=25892"},"modified":"2022-06-29T13:03:01","modified_gmt":"2022-06-29T13:03:01","slug":"pdt-inicia-processo-para-definir-chapa-governista-para-sucessao-estadual-em-outubro","status":"publish","type":"post","link":"https:\/\/blogdorogeriogomes.com.br\/noticias\/2022\/06\/pdt-inicia-processo-para-definir-chapa-governista-para-sucessao-estadual-em-outubro\/","title":{"rendered":"PDT inicia processo para definir chapa governista para sucess\u00e3o estadual em outubro"},"content":{"rendered":"\n<p>Um encontro entre os quatro pr\u00e9-candidatos do PDT ao Governo do Cear\u00e1, o presidenciavel do partido Ciro Gomes e o presidente estadual do PDT, Andr\u00e9 Figueiredo, nesta ter\u00e7a-feira, dia 28 de junho, em Fortaleza, marcou o in\u00edcio do processo de escolha da chapa governista que vai concorrer nas elei\u00e7\u00f5es de outubro. A governadora Izolda Cela, o ex-prefeito de Fortaleza, Roberto Cl\u00e1udio, o deputado federal Mauro Filho e o presidente da Assembleia Legislativa, Evandro Leit\u00e3o, participaram da reuni\u00e3o, onde foram informados sobre os crit\u00e9rios para a escolha do nome. <\/p>\n\n\n\n<p>Uma pesquisa contratada pelo PDT ser\u00e1 realizada para medir a popularidade de cada um dos pr\u00e9-candidatos no cen\u00e1rio eleitoral. Os partidos aliados tamb\u00e9m ser\u00e3o todos ouvidos no sentido de opinarem sobre a melhor escolha a ser feita, inclusive, na defini\u00e7\u00e3o de quem ser\u00e1 o candidato a vice-governador na chapa. Segundo o presidenciavel Ciro Gomes, a ideia \u00e9 &#8220;sondar a opini\u00e3o p\u00fablica com pesquisa de opini\u00e3o que j\u00e1 vai ser registrada pelo PDT no Tribunal Eleitoral, para que seja p\u00fablico e transparente. E vamos tamb\u00e9m ouvir os partidos aliados&#8221;.<\/p>\n\n\n\n<p>A meta dos dirigentes do PDT \u00e9 definir o nome do candidato ao Governo do Estado at\u00e9 a primeira quinzena de julho. No fim do mesmo m\u00eas, deve ser realizada a conven\u00e7\u00e3o para homologar a candidatura. <\/p>\n\n\n\n<p>PDT e PT buscam manter a alian\u00e7a governista para as elei\u00e7\u00f5es estaduais, mas a demora na escolha do nome tem gerado embates na m\u00eddia e nas redes sociais envolvendo os apoiadores das candidaturas de Izolda Cela e Roberto Cl\u00e1udio. O PT realiza, dia de 2 de julho, uma reuni\u00e3o do Diret\u00f3rio Estadual para avaliar o atual cen\u00e1rio estadual.<\/p>\n\n\n\n<figure class=\"wp-block-image size-full\"><img loading=\"lazy\" decoding=\"async\" width=\"739\" height=\"415\" src=\"https:\/\/blogdorogeriogomes.com.br\/wp-content\/uploads\/2022\/06\/images-2022-06-28T152233.325.jpeg\" alt=\"\" class=\"wp-image-25893\" srcset=\"https:\/\/blogdorogeriogomes.com.br\/noticias\/wp-content\/uploads\/2022\/06\/images-2022-06-28T152233.325.jpeg 739w, https:\/\/blogdorogeriogomes.com.br\/noticias\/wp-content\/uploads\/2022\/06\/images-2022-06-28T152233.325-300x168.jpeg 300w\" sizes=\"auto, (max-width: 739px) 100vw, 739px\" \/><\/figure>\n","protected":false},"excerpt":{"rendered":"<p>Um encontro entre os quatro pr\u00e9-candidatos do PDT ao Governo do Cear\u00e1, o presidenciavel do partido Ciro Gomes e o presidente estadual do PDT, Andr\u00e9 Figueiredo, nesta ter\u00e7a-feira, dia 28 de junho, em Fortaleza, marcou o in\u00edcio do processo de escolha da chapa governista que vai concorrer nas elei\u00e7\u00f5es de outubro. A governadora Izolda Cela, o ex-prefeito de Fortaleza, Roberto Cl\u00e1udio, o deputado federal Mauro Filho e o presidente da Assembleia Legislativa, Evandro Leit\u00e3o, participaram da reuni\u00e3o, onde foram&hellip;<\/p>\n","protected":false},"author":1,"featured_media":25893,"comment_status":"open","ping_status":"open","sticky":false,"template":"","format":"standard","meta":{"footnotes":""},"categories":[1],"tags":[],"class_list":["post-25892","post","type-post","status-publish","format-standard","has-post-thumbnail","hentry","category-noticias"],"_links":{"self":[{"href":"https:\/\/blogdorogeriogomes.com.br\/noticias\/wp-json\/wp\/v2\/posts\/25892","targetHints":{"allow":["GET"]}}],"collection":[{"href":"https:\/\/blogdorogeriogomes.com.br\/noticias\/wp-json\/wp\/v2\/posts"}],"about":[{"href":"https:\/\/blogdorogeriogomes.com.br\/noticias\/wp-json\/wp\/v2\/types\/post"}],"author":[{"embeddable":true,"href":"https:\/\/blogdorogeriogomes.com.br\/noticias\/wp-json\/wp\/v2\/users\/1"}],"replies":[{"embeddable":true,"href":"https:\/\/blogdorogeriogomes.com.br\/noticias\/wp-json\/wp\/v2\/comments?post=25892"}],"version-history":[{"count":1,"href":"https:\/\/blogdorogeriogomes.com.br\/noticias\/wp-json\/wp\/v2\/posts\/25892\/revisions"}],"predecessor-version":[{"id":25894,"href":"https:\/\/blogdorogeriogomes.com.br\/noticias\/wp-json\/wp\/v2\/posts\/25892\/revisions\/25894"}],"wp:featuredmedia":[{"embeddable":true,"href":"https:\/\/blogdorogeriogomes.com.br\/noticias\/wp-json\/wp\/v2\/media\/25893"}],"wp:attachment":[{"href":"https:\/\/blogdorogeriogomes.com.br\/noticias\/wp-json\/wp\/v2\/media?parent=25892"}],"wp:term":[{"taxonomy":"category","embeddable":true,"href":"https:\/\/blogdorogeriogomes.com.br\/noticias\/wp-json\/wp\/v2\/categories?post=25892"},{"taxonomy":"post_tag","embeddable":true,"href":"https:\/\/blogdorogeriogomes.com.br\/noticias\/wp-json\/wp\/v2\/tags?post=25892"}],"curies":[{"name":"wp","href":"https:\/\/api.w.org\/{rel}","templated":true}]}}