{"id":25898,"date":"2022-06-28T23:04:26","date_gmt":"2022-06-28T23:04:26","guid":{"rendered":"https:\/\/blogdorogeriogomes.com.br\/?p=25898"},"modified":"2022-06-29T13:02:38","modified_gmt":"2022-06-29T13:02:38","slug":"pre-candidata-do-psol-participa-de-audiencia-sobre-defesa-da-moradia-no-vale-do-jaguaribe","status":"publish","type":"post","link":"https:\/\/blogdorogeriogomes.com.br\/noticias\/2022\/06\/pre-candidata-do-psol-participa-de-audiencia-sobre-defesa-da-moradia-no-vale-do-jaguaribe\/","title":{"rendered":"Pr\u00e9-candidata do PSOL participa de audi\u00eancia sobre defesa da moradia no Vale do Jaguaribe"},"content":{"rendered":"\n<p>A pr\u00e9-candidata ao governo do estado, Adelita Monteiro, do PSOL participou na \u00faltima segunda-feira, dia 27 de junho, da audi\u00eancia convocada pela Defensoria P\u00fablica do Estado do Cear\u00e1, para discutir alternativas que buscam a manuten\u00e7\u00e3o das fam\u00edlias que ocupam o assentamento Z\u00e9 Maria do Tom\u00e9, localizado no munic\u00edpio de Limoeiro do Norte, no Vale do Jaguaribe.<\/p>\n\n\n\n<p>Terreno ocupado desde 2014, o Assentamento Z\u00e9 Maria do Tom\u00e9 est\u00e1 localizado em terreno do Departamento Nacional de Obras Contra as Secas (Dnocs). A luta das fam\u00edlias acampadas j\u00e1 se estende por oito anos, cultivando a terra e resistindo pela perman\u00eancia. O assentamento j\u00e1 chegou a abrigar 150 fam\u00edlias do Movimento Sem-Terra (MST).<\/p>\n\n\n\n<p>A Defensoria P\u00fablica do Estado do Cear\u00e1 e a Uni\u00e3o acompanharam todo o conflito judicial e hoje o que se tem \u00e9 uma ordem de reintegra\u00e7\u00e3o de posse das terras ao Governo Federal. Essa reintegra\u00e7\u00e3o est\u00e1 suspensa por ordem do Supremo Tribunal Federal (STF), proferida pelo ministro Roberto Barroso que impede a execu\u00e7\u00e3o de a\u00e7\u00f5es do tipo durante a pandemia de Covid-19. Em abril deste ano, decis\u00e3o tomada no plen\u00e1rio do STF, ampliou o prazo de garantia da medida, o que se encerra na pr\u00f3xima quinta-feira, dia 30.<\/p>\n\n\n\n<p>Na audi\u00eancia realizada hoje, esteve presente junto com Adelita, o pr\u00e9-candidato a deputado federal, Jo\u00e3o Alfredo.<\/p>\n\n\n\n<p>Z\u00e9 Maria do Tom\u00e9 foi um agricultor que sofreu com a desapropria\u00e7\u00e3o da terra, motivada pela constru\u00e7\u00e3o do Canal da Irriga\u00e7\u00e3o do DNOCS. Al\u00e9m da luta pela garantia do direito \u00e0 terra, o agricultor tamb\u00e9m atuava contra a utiliza\u00e7\u00e3o da t\u00e9cnica de pulveriza\u00e7\u00e3o de veneno na agricultura.<\/p>\n\n\n\n<figure class=\"wp-block-image size-large\"><img loading=\"lazy\" decoding=\"async\" width=\"1024\" height=\"684\" src=\"https:\/\/blogdorogeriogomes.com.br\/wp-content\/uploads\/2022\/06\/IMG-20220628-WA0044-1024x684.jpg\" alt=\"\" class=\"wp-image-25899\" srcset=\"https:\/\/blogdorogeriogomes.com.br\/noticias\/wp-content\/uploads\/2022\/06\/IMG-20220628-WA0044-1024x684.jpg 1024w, https:\/\/blogdorogeriogomes.com.br\/noticias\/wp-content\/uploads\/2022\/06\/IMG-20220628-WA0044-300x200.jpg 300w, https:\/\/blogdorogeriogomes.com.br\/noticias\/wp-content\/uploads\/2022\/06\/IMG-20220628-WA0044-768x513.jpg 768w, https:\/\/blogdorogeriogomes.com.br\/noticias\/wp-content\/uploads\/2022\/06\/IMG-20220628-WA0044-800x534.jpg 800w, https:\/\/blogdorogeriogomes.com.br\/noticias\/wp-content\/uploads\/2022\/06\/IMG-20220628-WA0044.jpg 1280w\" sizes=\"auto, (max-width: 1024px) 100vw, 1024px\" \/><\/figure>\n\n\n\n<p><\/p>\n","protected":false},"excerpt":{"rendered":"<p>A pr\u00e9-candidata ao governo do estado, Adelita Monteiro, do PSOL participou na \u00faltima segunda-feira, dia 27 de junho, da audi\u00eancia convocada pela Defensoria P\u00fablica do Estado do Cear\u00e1, para discutir alternativas que buscam a manuten\u00e7\u00e3o das fam\u00edlias que ocupam o assentamento Z\u00e9 Maria do Tom\u00e9, localizado no munic\u00edpio de Limoeiro do Norte, no Vale do Jaguaribe. Terreno ocupado desde 2014, o Assentamento Z\u00e9 Maria do Tom\u00e9 est\u00e1 localizado em terreno do Departamento Nacional de Obras Contra as Secas (Dnocs).&hellip;<\/p>\n","protected":false},"author":1,"featured_media":25899,"comment_status":"open","ping_status":"open","sticky":false,"template":"","format":"standard","meta":{"footnotes":""},"categories":[1],"tags":[],"class_list":["post-25898","post","type-post","status-publish","format-standard","has-post-thumbnail","hentry","category-noticias"],"_links":{"self":[{"href":"https:\/\/blogdorogeriogomes.com.br\/noticias\/wp-json\/wp\/v2\/posts\/25898","targetHints":{"allow":["GET"]}}],"collection":[{"href":"https:\/\/blogdorogeriogomes.com.br\/noticias\/wp-json\/wp\/v2\/posts"}],"about":[{"href":"https:\/\/blogdorogeriogomes.com.br\/noticias\/wp-json\/wp\/v2\/types\/post"}],"author":[{"embeddable":true,"href":"https:\/\/blogdorogeriogomes.com.br\/noticias\/wp-json\/wp\/v2\/users\/1"}],"replies":[{"embeddable":true,"href":"https:\/\/blogdorogeriogomes.com.br\/noticias\/wp-json\/wp\/v2\/comments?post=25898"}],"version-history":[{"count":1,"href":"https:\/\/blogdorogeriogomes.com.br\/noticias\/wp-json\/wp\/v2\/posts\/25898\/revisions"}],"predecessor-version":[{"id":25900,"href":"https:\/\/blogdorogeriogomes.com.br\/noticias\/wp-json\/wp\/v2\/posts\/25898\/revisions\/25900"}],"wp:featuredmedia":[{"embeddable":true,"href":"https:\/\/blogdorogeriogomes.com.br\/noticias\/wp-json\/wp\/v2\/media\/25899"}],"wp:attachment":[{"href":"https:\/\/blogdorogeriogomes.com.br\/noticias\/wp-json\/wp\/v2\/media?parent=25898"}],"wp:term":[{"taxonomy":"category","embeddable":true,"href":"https:\/\/blogdorogeriogomes.com.br\/noticias\/wp-json\/wp\/v2\/categories?post=25898"},{"taxonomy":"post_tag","embeddable":true,"href":"https:\/\/blogdorogeriogomes.com.br\/noticias\/wp-json\/wp\/v2\/tags?post=25898"}],"curies":[{"name":"wp","href":"https:\/\/api.w.org\/{rel}","templated":true}]}}