{"id":25904,"date":"2022-06-29T12:16:53","date_gmt":"2022-06-29T12:16:53","guid":{"rendered":"https:\/\/blogdorogeriogomes.com.br\/?p=25904"},"modified":"2022-06-29T13:02:03","modified_gmt":"2022-06-29T13:02:03","slug":"governo-do-ceara-empossa-490-policiais-civis-em-solenidade-no-centro-de-eventos","status":"publish","type":"post","link":"https:\/\/blogdorogeriogomes.com.br\/noticias\/2022\/06\/governo-do-ceara-empossa-490-policiais-civis-em-solenidade-no-centro-de-eventos\/","title":{"rendered":"Governo do Cear\u00e1 empossa 490 policiais civis em solenidade no Centro de Eventos"},"content":{"rendered":"\n<p>Solenidade realizada nesta ter\u00e7a-feira, dia 28 de junho, empossou no Centro de Eventos do Cear\u00e1, 490 novos policiais civis que passam a integrar os quadros da Pol\u00edcia Civil do Cear\u00e1. O evento foi presidido pela governadora Izolda Cela, e contou com a presen\u00e7a do secret\u00e1rio da Seguran\u00e7a P\u00fablica e Defesa Social (SSPDS), Sandro Caron, e do delegado geral da Pol\u00edcia Civil do Cear\u00e1, S\u00e9rgio Pereira.<\/p>\n\n\n\n<p>O refor\u00e7o na Pol\u00edcia Civil \u00e9 composto por 390 inspetores e 100 escriv\u00e3es. Os servidores atuar\u00e3o nas delegacias do interior e capital do Estado, onde contribuir\u00e3o com o fortalecimento da Pol\u00edcia Judici\u00e1ria, o que possibilitar\u00e1 mais rapidez nas investiga\u00e7\u00f5es e na amplia\u00e7\u00e3o do atendimento \u00e0 popula\u00e7\u00e3o. Dos 490 novos policiais, 162 s\u00e3o mulheres, o que representa 33% do novo efetivo.<\/p>\n\n\n\n<figure class=\"wp-block-image size-large\"><img loading=\"lazy\" decoding=\"async\" width=\"1024\" height=\"684\" src=\"https:\/\/blogdorogeriogomes.com.br\/wp-content\/uploads\/2022\/06\/220628_POSSE-CIVIL_CGM5503-1200x802-1-1024x684.jpg\" alt=\"\" class=\"wp-image-25905\" srcset=\"https:\/\/blogdorogeriogomes.com.br\/noticias\/wp-content\/uploads\/2022\/06\/220628_POSSE-CIVIL_CGM5503-1200x802-1-1024x684.jpg 1024w, https:\/\/blogdorogeriogomes.com.br\/noticias\/wp-content\/uploads\/2022\/06\/220628_POSSE-CIVIL_CGM5503-1200x802-1-300x201.jpg 300w, https:\/\/blogdorogeriogomes.com.br\/noticias\/wp-content\/uploads\/2022\/06\/220628_POSSE-CIVIL_CGM5503-1200x802-1-768x513.jpg 768w, https:\/\/blogdorogeriogomes.com.br\/noticias\/wp-content\/uploads\/2022\/06\/220628_POSSE-CIVIL_CGM5503-1200x802-1-800x535.jpg 800w, https:\/\/blogdorogeriogomes.com.br\/noticias\/wp-content\/uploads\/2022\/06\/220628_POSSE-CIVIL_CGM5503-1200x802-1.jpg 1200w\" sizes=\"auto, (max-width: 1024px) 100vw, 1024px\" \/><\/figure>\n","protected":false},"excerpt":{"rendered":"<p>Solenidade realizada nesta ter\u00e7a-feira, dia 28 de junho, empossou no Centro de Eventos do Cear\u00e1, 490 novos policiais civis que passam a integrar os quadros da Pol\u00edcia Civil do Cear\u00e1. O evento foi presidido pela governadora Izolda Cela, e contou com a presen\u00e7a do secret\u00e1rio da Seguran\u00e7a P\u00fablica e Defesa Social (SSPDS), Sandro Caron, e do delegado geral da Pol\u00edcia Civil do Cear\u00e1, S\u00e9rgio Pereira. O refor\u00e7o na Pol\u00edcia Civil \u00e9 composto por 390 inspetores e 100 escriv\u00e3es. Os&hellip;<\/p>\n","protected":false},"author":1,"featured_media":25905,"comment_status":"open","ping_status":"open","sticky":false,"template":"","format":"standard","meta":{"footnotes":""},"categories":[1],"tags":[],"class_list":["post-25904","post","type-post","status-publish","format-standard","has-post-thumbnail","hentry","category-noticias"],"_links":{"self":[{"href":"https:\/\/blogdorogeriogomes.com.br\/noticias\/wp-json\/wp\/v2\/posts\/25904","targetHints":{"allow":["GET"]}}],"collection":[{"href":"https:\/\/blogdorogeriogomes.com.br\/noticias\/wp-json\/wp\/v2\/posts"}],"about":[{"href":"https:\/\/blogdorogeriogomes.com.br\/noticias\/wp-json\/wp\/v2\/types\/post"}],"author":[{"embeddable":true,"href":"https:\/\/blogdorogeriogomes.com.br\/noticias\/wp-json\/wp\/v2\/users\/1"}],"replies":[{"embeddable":true,"href":"https:\/\/blogdorogeriogomes.com.br\/noticias\/wp-json\/wp\/v2\/comments?post=25904"}],"version-history":[{"count":1,"href":"https:\/\/blogdorogeriogomes.com.br\/noticias\/wp-json\/wp\/v2\/posts\/25904\/revisions"}],"predecessor-version":[{"id":25906,"href":"https:\/\/blogdorogeriogomes.com.br\/noticias\/wp-json\/wp\/v2\/posts\/25904\/revisions\/25906"}],"wp:featuredmedia":[{"embeddable":true,"href":"https:\/\/blogdorogeriogomes.com.br\/noticias\/wp-json\/wp\/v2\/media\/25905"}],"wp:attachment":[{"href":"https:\/\/blogdorogeriogomes.com.br\/noticias\/wp-json\/wp\/v2\/media?parent=25904"}],"wp:term":[{"taxonomy":"category","embeddable":true,"href":"https:\/\/blogdorogeriogomes.com.br\/noticias\/wp-json\/wp\/v2\/categories?post=25904"},{"taxonomy":"post_tag","embeddable":true,"href":"https:\/\/blogdorogeriogomes.com.br\/noticias\/wp-json\/wp\/v2\/tags?post=25904"}],"curies":[{"name":"wp","href":"https:\/\/api.w.org\/{rel}","templated":true}]}}