{"id":25911,"date":"2022-06-29T20:14:55","date_gmt":"2022-06-29T20:14:55","guid":{"rendered":"https:\/\/blogdorogeriogomes.com.br\/?p=25911"},"modified":"2022-06-30T13:59:56","modified_gmt":"2022-06-30T13:59:56","slug":"sistema-de-videomonitoramento-em-fortaleza-sera-ampliado-com-a-construcao-de-uma-central-integrada","status":"publish","type":"post","link":"https:\/\/blogdorogeriogomes.com.br\/noticias\/2022\/06\/sistema-de-videomonitoramento-em-fortaleza-sera-ampliado-com-a-construcao-de-uma-central-integrada\/","title":{"rendered":"Sistema de Videomonitoramento em Fortaleza ser\u00e1 ampliado com a constru\u00e7\u00e3o de uma Central Integrada"},"content":{"rendered":"\n<p>A Prefeitura de Fortaleza anunciou a cria\u00e7\u00e3o da Central de Gest\u00e3o Integrada de Videomonitoramento de Fortaleza. A implanta\u00e7\u00e3o inclui a constru\u00e7\u00e3o do edif\u00edcio da Central de Videomonitoramento, a amplia\u00e7\u00e3o do parque de c\u00e2meras de videomonitoramento de Fortaleza, o estabelecimento de uma pol\u00edtica p\u00fablica municipal de videomonitoramento e a expans\u00e3o do programa de internet gratuita Wi-For.<\/p>\n\n\n\n<p><div><div>A nova Central de Gest\u00e3o Integrada de Videomonitoramento vai funcionar em um pr\u00e9dio j\u00e1 existente pr\u00f3ximo ao Pa\u00e7o Municipal, no bairro Centro, tem o objetivo de fornecer informa\u00e7\u00f5es coletadas por c\u00e2meras de seguran\u00e7a para diversas secretarias da Capital.\u00a0A Central tem previs\u00e3o de inaugura\u00e7\u00e3o no fim de 2023, com obras iniciando at\u00e9 agosto de 2022.<span style=\"font-size: revert; color: initial;\"><\/span><\/div><\/div><\/p>\n\n\n\n<p>Atualmente, o parque de c\u00e2meras de Fortaleza conta com 1.034 equipamentos e a previs\u00e3o \u00e9 chegar a 1.656 at\u00e9 a inaugura\u00e7\u00e3o da Central, no fim de 2023. Em 2021, in\u00edcio da gest\u00e3o do prefeito Jos\u00e9 Sarto, eram 696 c\u00e2meras instaladas na cidade.<\/p>\n\n\n\n<figure class=\"wp-block-image size-full\"><img loading=\"lazy\" decoding=\"async\" width=\"818\" height=\"459\" src=\"https:\/\/blogdorogeriogomes.com.br\/wp-content\/uploads\/2022\/06\/1_whatsapp_image_2022_02_02_at_15_04_57__4_-19088973.jpeg\" alt=\"\" class=\"wp-image-25912\" srcset=\"https:\/\/blogdorogeriogomes.com.br\/noticias\/wp-content\/uploads\/2022\/06\/1_whatsapp_image_2022_02_02_at_15_04_57__4_-19088973.jpeg 818w, https:\/\/blogdorogeriogomes.com.br\/noticias\/wp-content\/uploads\/2022\/06\/1_whatsapp_image_2022_02_02_at_15_04_57__4_-19088973-300x168.jpeg 300w, https:\/\/blogdorogeriogomes.com.br\/noticias\/wp-content\/uploads\/2022\/06\/1_whatsapp_image_2022_02_02_at_15_04_57__4_-19088973-768x431.jpeg 768w, https:\/\/blogdorogeriogomes.com.br\/noticias\/wp-content\/uploads\/2022\/06\/1_whatsapp_image_2022_02_02_at_15_04_57__4_-19088973-800x449.jpeg 800w\" sizes=\"auto, (max-width: 818px) 100vw, 818px\" \/><\/figure>\n","protected":false},"excerpt":{"rendered":"<p>A Prefeitura de Fortaleza anunciou a cria\u00e7\u00e3o da Central de Gest\u00e3o Integrada de Videomonitoramento de Fortaleza. A implanta\u00e7\u00e3o inclui a constru\u00e7\u00e3o do edif\u00edcio da Central de Videomonitoramento, a amplia\u00e7\u00e3o do parque de c\u00e2meras de videomonitoramento de Fortaleza, o estabelecimento de uma pol\u00edtica p\u00fablica municipal de videomonitoramento e a expans\u00e3o do programa de internet gratuita Wi-For. A nova Central de Gest\u00e3o Integrada de Videomonitoramento vai funcionar em um pr\u00e9dio j\u00e1 existente pr\u00f3ximo ao Pa\u00e7o Municipal, no bairro Centro, tem o&hellip;<\/p>\n","protected":false},"author":1,"featured_media":25912,"comment_status":"open","ping_status":"open","sticky":false,"template":"","format":"standard","meta":{"footnotes":""},"categories":[1],"tags":[],"class_list":["post-25911","post","type-post","status-publish","format-standard","has-post-thumbnail","hentry","category-noticias"],"_links":{"self":[{"href":"https:\/\/blogdorogeriogomes.com.br\/noticias\/wp-json\/wp\/v2\/posts\/25911","targetHints":{"allow":["GET"]}}],"collection":[{"href":"https:\/\/blogdorogeriogomes.com.br\/noticias\/wp-json\/wp\/v2\/posts"}],"about":[{"href":"https:\/\/blogdorogeriogomes.com.br\/noticias\/wp-json\/wp\/v2\/types\/post"}],"author":[{"embeddable":true,"href":"https:\/\/blogdorogeriogomes.com.br\/noticias\/wp-json\/wp\/v2\/users\/1"}],"replies":[{"embeddable":true,"href":"https:\/\/blogdorogeriogomes.com.br\/noticias\/wp-json\/wp\/v2\/comments?post=25911"}],"version-history":[{"count":1,"href":"https:\/\/blogdorogeriogomes.com.br\/noticias\/wp-json\/wp\/v2\/posts\/25911\/revisions"}],"predecessor-version":[{"id":25913,"href":"https:\/\/blogdorogeriogomes.com.br\/noticias\/wp-json\/wp\/v2\/posts\/25911\/revisions\/25913"}],"wp:featuredmedia":[{"embeddable":true,"href":"https:\/\/blogdorogeriogomes.com.br\/noticias\/wp-json\/wp\/v2\/media\/25912"}],"wp:attachment":[{"href":"https:\/\/blogdorogeriogomes.com.br\/noticias\/wp-json\/wp\/v2\/media?parent=25911"}],"wp:term":[{"taxonomy":"category","embeddable":true,"href":"https:\/\/blogdorogeriogomes.com.br\/noticias\/wp-json\/wp\/v2\/categories?post=25911"},{"taxonomy":"post_tag","embeddable":true,"href":"https:\/\/blogdorogeriogomes.com.br\/noticias\/wp-json\/wp\/v2\/tags?post=25911"}],"curies":[{"name":"wp","href":"https:\/\/api.w.org\/{rel}","templated":true}]}}