{"id":25914,"date":"2022-06-29T22:27:52","date_gmt":"2022-06-29T22:27:52","guid":{"rendered":"https:\/\/blogdorogeriogomes.com.br\/?p=25914"},"modified":"2022-06-30T13:59:47","modified_gmt":"2022-06-30T13:59:47","slug":"sesa-confirma-primeiro-caso-da-variola-dos-macacos-no-ceara","status":"publish","type":"post","link":"https:\/\/blogdorogeriogomes.com.br\/noticias\/2022\/06\/sesa-confirma-primeiro-caso-da-variola-dos-macacos-no-ceara\/","title":{"rendered":"Sesa confirma primeiro caso da var\u00edola dos macacos no Cear\u00e1"},"content":{"rendered":"\n<p>A Secretaria de Sa\u00fade do Cear\u00e1 confirmou o primeiro caso de var\u00edola dos macacos no Estado. O paciente tem 35 anos, mora em Fortaleza e tem hist\u00f3rico de deslocamento recente para S\u00e3o Paulo e Rio de Janeiro. O Cear\u00e1 j\u00e1 teve 14 notifica\u00e7\u00f5es da doen\u00e7a, sendo que dois casos foram descartados e outros 11 seguem em investiga\u00e7\u00e3o.<br>Os pacientes suspeitos est\u00e3o em Fortaleza, Cedro, Caucaia, Caridade, Russas, S\u00e3o Gon\u00e7alo do Amarante e Ocara. Todos eles seguem as medidas recomendadas, como isolamento, busca ativa de contatos e coleta de material para exames laboratoriais para elucida\u00e7\u00e3o do caso e para diagn\u00f3stico diferencial para outras doen\u00e7as.<br><\/p>\n\n\n\n<figure class=\"wp-block-image size-full\"><img loading=\"lazy\" decoding=\"async\" width=\"541\" height=\"566\" src=\"https:\/\/blogdorogeriogomes.com.br\/wp-content\/uploads\/2022\/06\/images-2022-06-29T192118.539.jpeg\" alt=\"\" class=\"wp-image-25915\" srcset=\"https:\/\/blogdorogeriogomes.com.br\/noticias\/wp-content\/uploads\/2022\/06\/images-2022-06-29T192118.539.jpeg 541w, https:\/\/blogdorogeriogomes.com.br\/noticias\/wp-content\/uploads\/2022\/06\/images-2022-06-29T192118.539-287x300.jpeg 287w, https:\/\/blogdorogeriogomes.com.br\/noticias\/wp-content\/uploads\/2022\/06\/images-2022-06-29T192118.539-50x52.jpeg 50w\" sizes=\"auto, (max-width: 541px) 100vw, 541px\" \/><\/figure>\n\n\n\n<p><br><\/p>\n","protected":false},"excerpt":{"rendered":"<p>A Secretaria de Sa\u00fade do Cear\u00e1 confirmou o primeiro caso de var\u00edola dos macacos no Estado. O paciente tem 35 anos, mora em Fortaleza e tem hist\u00f3rico de deslocamento recente para S\u00e3o Paulo e Rio de Janeiro. O Cear\u00e1 j\u00e1 teve 14 notifica\u00e7\u00f5es da doen\u00e7a, sendo que dois casos foram descartados e outros 11 seguem em investiga\u00e7\u00e3o.Os pacientes suspeitos est\u00e3o em Fortaleza, Cedro, Caucaia, Caridade, Russas, S\u00e3o Gon\u00e7alo do Amarante e Ocara. Todos eles seguem as medidas recomendadas, como&hellip;<\/p>\n","protected":false},"author":1,"featured_media":25915,"comment_status":"open","ping_status":"open","sticky":false,"template":"","format":"standard","meta":{"footnotes":""},"categories":[1],"tags":[],"class_list":["post-25914","post","type-post","status-publish","format-standard","has-post-thumbnail","hentry","category-noticias"],"_links":{"self":[{"href":"https:\/\/blogdorogeriogomes.com.br\/noticias\/wp-json\/wp\/v2\/posts\/25914","targetHints":{"allow":["GET"]}}],"collection":[{"href":"https:\/\/blogdorogeriogomes.com.br\/noticias\/wp-json\/wp\/v2\/posts"}],"about":[{"href":"https:\/\/blogdorogeriogomes.com.br\/noticias\/wp-json\/wp\/v2\/types\/post"}],"author":[{"embeddable":true,"href":"https:\/\/blogdorogeriogomes.com.br\/noticias\/wp-json\/wp\/v2\/users\/1"}],"replies":[{"embeddable":true,"href":"https:\/\/blogdorogeriogomes.com.br\/noticias\/wp-json\/wp\/v2\/comments?post=25914"}],"version-history":[{"count":1,"href":"https:\/\/blogdorogeriogomes.com.br\/noticias\/wp-json\/wp\/v2\/posts\/25914\/revisions"}],"predecessor-version":[{"id":25916,"href":"https:\/\/blogdorogeriogomes.com.br\/noticias\/wp-json\/wp\/v2\/posts\/25914\/revisions\/25916"}],"wp:featuredmedia":[{"embeddable":true,"href":"https:\/\/blogdorogeriogomes.com.br\/noticias\/wp-json\/wp\/v2\/media\/25915"}],"wp:attachment":[{"href":"https:\/\/blogdorogeriogomes.com.br\/noticias\/wp-json\/wp\/v2\/media?parent=25914"}],"wp:term":[{"taxonomy":"category","embeddable":true,"href":"https:\/\/blogdorogeriogomes.com.br\/noticias\/wp-json\/wp\/v2\/categories?post=25914"},{"taxonomy":"post_tag","embeddable":true,"href":"https:\/\/blogdorogeriogomes.com.br\/noticias\/wp-json\/wp\/v2\/tags?post=25914"}],"curies":[{"name":"wp","href":"https:\/\/api.w.org\/{rel}","templated":true}]}}