{"id":25920,"date":"2022-06-30T11:32:35","date_gmt":"2022-06-30T11:32:35","guid":{"rendered":"https:\/\/blogdorogeriogomes.com.br\/?p=25920"},"modified":"2022-06-30T13:59:24","modified_gmt":"2022-06-30T13:59:24","slug":"autoridades-de-saude-admitem-quarta-onda-da-covid-19-mas-com-aumento-lento-e-baixa-mortalidade","status":"publish","type":"post","link":"https:\/\/blogdorogeriogomes.com.br\/noticias\/2022\/06\/autoridades-de-saude-admitem-quarta-onda-da-covid-19-mas-com-aumento-lento-e-baixa-mortalidade\/","title":{"rendered":"Autoridades de sa\u00fade admitem quarta onda da Covid-19, mas com aumento lento e baixa mortalidade"},"content":{"rendered":"\n<p>Em entrevista concedida ao O POVO, o epidemiologista Ant\u00f4nio Lima,&nbsp;coordenador de Vigil\u00e2ncia Epidemiol\u00f3gica da Secretaria Municipal da Sa\u00fade (SMS), confirma a exist\u00eancia da quarta onda da Covid-19. Ele avalia que o pico pode ser atingido no in\u00edcio de julho. A quarta onda apresenta aumento lento e baixa mortalidade principalmente em raz\u00e3o da cobertura vacinal.&nbsp;<\/p>\n\n\n\n<p>Fortaleza tem em torno de 70% da popula\u00e7\u00e3o acima de 5 anos imunizada com a terceira dose e 90% com o esquema de duas doses. Quem est\u00e1 com o esquema vacinal completo e se infectou com o coronav\u00edrus, tem apresentado sinais leves da doen\u00e7a.<\/p>\n\n\n\n<p>&#8220;Os sintomas s\u00e3o muito leves porque n\u00f3s temos hoje a popula\u00e7\u00e3o vacinada. Quem tem hoje a terceira e quarta dose est\u00e3o com sintomas leves e moderados&#8221;, disse o prefeito de Fortaleza, Jos\u00e9 Sarto.<\/p>\n\n\n\n<p>Fortaleza confirmou 98.788 casos de Covid-19 entre 1\u00ba de janeiro e 28 de junho, segundo o IntegraSUS, plataforma da Secretaria da Sa\u00fade do Cear\u00e1 (Sesa). <\/p>\n\n\n\n<figure class=\"wp-block-image size-full\"><img loading=\"lazy\" decoding=\"async\" width=\"818\" height=\"459\" src=\"https:\/\/blogdorogeriogomes.com.br\/wp-content\/uploads\/2022\/06\/1_bc8i1869-19065063.jpg\" alt=\"\" class=\"wp-image-25921\" srcset=\"https:\/\/blogdorogeriogomes.com.br\/noticias\/wp-content\/uploads\/2022\/06\/1_bc8i1869-19065063.jpg 818w, https:\/\/blogdorogeriogomes.com.br\/noticias\/wp-content\/uploads\/2022\/06\/1_bc8i1869-19065063-300x168.jpg 300w, https:\/\/blogdorogeriogomes.com.br\/noticias\/wp-content\/uploads\/2022\/06\/1_bc8i1869-19065063-768x431.jpg 768w, https:\/\/blogdorogeriogomes.com.br\/noticias\/wp-content\/uploads\/2022\/06\/1_bc8i1869-19065063-800x449.jpg 800w\" sizes=\"auto, (max-width: 818px) 100vw, 818px\" \/><\/figure>\n\n\n\n<p><br><\/p>\n\n\n\n<p><br><br><\/p>\n","protected":false},"excerpt":{"rendered":"<p>Em entrevista concedida ao O POVO, o epidemiologista Ant\u00f4nio Lima,&nbsp;coordenador de Vigil\u00e2ncia Epidemiol\u00f3gica da Secretaria Municipal da Sa\u00fade (SMS), confirma a exist\u00eancia da quarta onda da Covid-19. Ele avalia que o pico pode ser atingido no in\u00edcio de julho. A quarta onda apresenta aumento lento e baixa mortalidade principalmente em raz\u00e3o da cobertura vacinal.&nbsp; Fortaleza tem em torno de 70% da popula\u00e7\u00e3o acima de 5 anos imunizada com a terceira dose e 90% com o esquema de duas doses.&hellip;<\/p>\n","protected":false},"author":1,"featured_media":25921,"comment_status":"open","ping_status":"open","sticky":false,"template":"","format":"standard","meta":{"footnotes":""},"categories":[1],"tags":[],"class_list":["post-25920","post","type-post","status-publish","format-standard","has-post-thumbnail","hentry","category-noticias"],"_links":{"self":[{"href":"https:\/\/blogdorogeriogomes.com.br\/noticias\/wp-json\/wp\/v2\/posts\/25920","targetHints":{"allow":["GET"]}}],"collection":[{"href":"https:\/\/blogdorogeriogomes.com.br\/noticias\/wp-json\/wp\/v2\/posts"}],"about":[{"href":"https:\/\/blogdorogeriogomes.com.br\/noticias\/wp-json\/wp\/v2\/types\/post"}],"author":[{"embeddable":true,"href":"https:\/\/blogdorogeriogomes.com.br\/noticias\/wp-json\/wp\/v2\/users\/1"}],"replies":[{"embeddable":true,"href":"https:\/\/blogdorogeriogomes.com.br\/noticias\/wp-json\/wp\/v2\/comments?post=25920"}],"version-history":[{"count":2,"href":"https:\/\/blogdorogeriogomes.com.br\/noticias\/wp-json\/wp\/v2\/posts\/25920\/revisions"}],"predecessor-version":[{"id":25926,"href":"https:\/\/blogdorogeriogomes.com.br\/noticias\/wp-json\/wp\/v2\/posts\/25920\/revisions\/25926"}],"wp:featuredmedia":[{"embeddable":true,"href":"https:\/\/blogdorogeriogomes.com.br\/noticias\/wp-json\/wp\/v2\/media\/25921"}],"wp:attachment":[{"href":"https:\/\/blogdorogeriogomes.com.br\/noticias\/wp-json\/wp\/v2\/media?parent=25920"}],"wp:term":[{"taxonomy":"category","embeddable":true,"href":"https:\/\/blogdorogeriogomes.com.br\/noticias\/wp-json\/wp\/v2\/categories?post=25920"},{"taxonomy":"post_tag","embeddable":true,"href":"https:\/\/blogdorogeriogomes.com.br\/noticias\/wp-json\/wp\/v2\/tags?post=25920"}],"curies":[{"name":"wp","href":"https:\/\/api.w.org\/{rel}","templated":true}]}}