{"id":25929,"date":"2022-06-30T21:12:58","date_gmt":"2022-06-30T21:12:58","guid":{"rendered":"https:\/\/blogdorogeriogomes.com.br\/?p=25929"},"modified":"2022-07-01T13:48:48","modified_gmt":"2022-07-01T13:48:48","slug":"pesquisa-do-pdt-para-governador-e-registrada-no-tse-e-deve-ser-divulgada-na-proxima-segunda-feira-dia-4-de-julho","status":"publish","type":"post","link":"https:\/\/blogdorogeriogomes.com.br\/noticias\/2022\/06\/pesquisa-do-pdt-para-governador-e-registrada-no-tse-e-deve-ser-divulgada-na-proxima-segunda-feira-dia-4-de-julho\/","title":{"rendered":"Pesquisa do PDT para governador \u00e9 registrada no TSE e deve ser divulgada na pr\u00f3xima segunda-feira, dia 4 de julho"},"content":{"rendered":"\n<p>O PDT encomendou uma pesquisa para medir as inten\u00e7\u00f5es de voto do eleitorado cearense para a disputa do Governo do Estado em outubro. A consulta, j\u00e1 registrada no Tribunal Superior Eleitoral (TSE), come\u00e7ou a ser feita na \u00faltima segunda-feira, dia 27 de junho, e ser\u00e1 conclu\u00edda nesta sexta-feira, dia 1\u00b0 de julho. A divulga\u00e7\u00e3o do resultado deve ser feita na segunda-feira, dia 4 de julho.<\/p>\n\n\n\n<p>A pesquisa tem o objetivo de avaliar a aceita\u00e7\u00e3o dos quatro pr\u00e9-candidatos do partido para a disputa estadual: Izolda Cela, Roberto Cl\u00e1udio, Evandro Leit\u00e3o e Mauro Filho. Na consulta foram inclu\u00eddos nomes de outros partidos, como o deputado federal Capit\u00e3o Wagner (Uni\u00e3o Brasil), a ex-prefeita e deputada federal Luizianne Lins (PT), o ex-senador Eun\u00edcio Oliveira (MDB) e a pr\u00e9-candidata do Psol Adelita Monteiro.<\/p>\n\n\n\n<p>A dire\u00e7\u00e3o do PDT quer utilizar a pesquisa como refer\u00eancia para a defini\u00e7\u00e3o da chapa governista, mas tamb\u00e9m tendo como base as reuni\u00f5es com os partidos aliados. O presidente estadual do PDT, Andr\u00e9 Figueiredo, diz j\u00e1 ter iniciado a conversa com os dirigentes partid\u00e1rios. &#8220;Eu j\u00e1 tive com o (Jos\u00e9) Guimar\u00e3es (PT), fui conversar com Domingos Neto (PSD), com o deputado Zezinho Albuquerque (PP), o deputado Denis Bezerra (PSB), com a dire\u00e7\u00e3o do PCdoB&#8221;, disse Andr\u00e9. O posicionamento de l\u00edderes pol\u00edticos como Ciro Gomes (PDT), Cid Gomes (PDT) e Camilo Santana (PT) tamb\u00e9m ter\u00e3o peso importante na escolha.<\/p>\n\n\n\n<p>Nesta quinta-feira, dia 30 de junho, a governadora Izolda Cela (PDT) destacou que o importante \u00e9 manter a unidade da alian\u00e7a de partidos que garantem a base governista hoje. &#8220;Defendo fortemente a preserva\u00e7\u00e3o da alian\u00e7a com partidos aliados ao PDT no Estado, como PT, PSD, MDB, PP, PSB, PCdoB, PV e tantos outros parceiros, que devem ser ouvidos de forma a contribuir com o processo. Para al\u00e9m de pesquisa, que fornece apenas o retrato do momento, a mais de tr\u00eas meses da elei\u00e7\u00e3o, penso que \u00e9 preciso ter sempre em mente que o amplo di\u00e1logo e a uni\u00e3o de for\u00e7as t\u00eam sido fundamentais para o Cear\u00e1 seguir em frente com realiza\u00e7\u00f5es importantes, com sustentabilidade, corrigindo erros e avan\u00e7ando. Temos feito isso ao longo desses anos&#8221;, afirmou a governadora. <br><\/p>\n\n\n\n<figure class=\"wp-block-image size-full\"><img loading=\"lazy\" decoding=\"async\" width=\"660\" height=\"371\" src=\"https:\/\/blogdorogeriogomes.com.br\/wp-content\/uploads\/2022\/06\/images-2022-06-30T172713.571.jpeg\" alt=\"\" class=\"wp-image-25930\" srcset=\"https:\/\/blogdorogeriogomes.com.br\/noticias\/wp-content\/uploads\/2022\/06\/images-2022-06-30T172713.571.jpeg 660w, https:\/\/blogdorogeriogomes.com.br\/noticias\/wp-content\/uploads\/2022\/06\/images-2022-06-30T172713.571-300x169.jpeg 300w\" sizes=\"auto, (max-width: 660px) 100vw, 660px\" \/><\/figure>\n\n\n\n<p><br><\/p>\n","protected":false},"excerpt":{"rendered":"<p>O PDT encomendou uma pesquisa para medir as inten\u00e7\u00f5es de voto do eleitorado cearense para a disputa do Governo do Estado em outubro. A consulta, j\u00e1 registrada no Tribunal Superior Eleitoral (TSE), come\u00e7ou a ser feita na \u00faltima segunda-feira, dia 27 de junho, e ser\u00e1 conclu\u00edda nesta sexta-feira, dia 1\u00b0 de julho. A divulga\u00e7\u00e3o do resultado deve ser feita na segunda-feira, dia 4 de julho. A pesquisa tem o objetivo de avaliar a aceita\u00e7\u00e3o dos quatro pr\u00e9-candidatos do partido&hellip;<\/p>\n","protected":false},"author":1,"featured_media":25930,"comment_status":"open","ping_status":"open","sticky":false,"template":"","format":"standard","meta":{"footnotes":""},"categories":[1],"tags":[],"class_list":["post-25929","post","type-post","status-publish","format-standard","has-post-thumbnail","hentry","category-noticias"],"_links":{"self":[{"href":"https:\/\/blogdorogeriogomes.com.br\/noticias\/wp-json\/wp\/v2\/posts\/25929","targetHints":{"allow":["GET"]}}],"collection":[{"href":"https:\/\/blogdorogeriogomes.com.br\/noticias\/wp-json\/wp\/v2\/posts"}],"about":[{"href":"https:\/\/blogdorogeriogomes.com.br\/noticias\/wp-json\/wp\/v2\/types\/post"}],"author":[{"embeddable":true,"href":"https:\/\/blogdorogeriogomes.com.br\/noticias\/wp-json\/wp\/v2\/users\/1"}],"replies":[{"embeddable":true,"href":"https:\/\/blogdorogeriogomes.com.br\/noticias\/wp-json\/wp\/v2\/comments?post=25929"}],"version-history":[{"count":1,"href":"https:\/\/blogdorogeriogomes.com.br\/noticias\/wp-json\/wp\/v2\/posts\/25929\/revisions"}],"predecessor-version":[{"id":25931,"href":"https:\/\/blogdorogeriogomes.com.br\/noticias\/wp-json\/wp\/v2\/posts\/25929\/revisions\/25931"}],"wp:featuredmedia":[{"embeddable":true,"href":"https:\/\/blogdorogeriogomes.com.br\/noticias\/wp-json\/wp\/v2\/media\/25930"}],"wp:attachment":[{"href":"https:\/\/blogdorogeriogomes.com.br\/noticias\/wp-json\/wp\/v2\/media?parent=25929"}],"wp:term":[{"taxonomy":"category","embeddable":true,"href":"https:\/\/blogdorogeriogomes.com.br\/noticias\/wp-json\/wp\/v2\/categories?post=25929"},{"taxonomy":"post_tag","embeddable":true,"href":"https:\/\/blogdorogeriogomes.com.br\/noticias\/wp-json\/wp\/v2\/tags?post=25929"}],"curies":[{"name":"wp","href":"https:\/\/api.w.org\/{rel}","templated":true}]}}