{"id":25942,"date":"2022-07-01T20:53:27","date_gmt":"2022-07-01T20:53:27","guid":{"rendered":"https:\/\/blogdorogeriogomes.com.br\/?p=25942"},"modified":"2022-07-04T11:10:19","modified_gmt":"2022-07-04T11:10:19","slug":"izolda-cela-autoriza-obras-do-entorno-da-estatua-de-sao-francisco-em-caninde","status":"publish","type":"post","link":"https:\/\/blogdorogeriogomes.com.br\/noticias\/2022\/07\/izolda-cela-autoriza-obras-do-entorno-da-estatua-de-sao-francisco-em-caninde\/","title":{"rendered":"Izolda Cela autoriza obras do entorno da est\u00e1tua de S\u00e3o Francisco em Canind\u00e9"},"content":{"rendered":"\n<p>A ordem de servi\u00e7o para o in\u00edcio das obras de revitaliza\u00e7\u00e3o do entorno do monumento de S\u00e3o Francisco, em Canind\u00e9, foi assinado, nesta sexta-feira, dia 1\u00b0 de julho em visita da governadora do Cear\u00e1, Izolda Cela, ao munic\u00edpio. A a\u00e7\u00e3o, com investimento de R$ 11 milh\u00f5es, chega para fortalecer o turismo religioso local. Tamb\u00e9m estiveram no evento a prefeita de Canind\u00e9, Roz\u00e1rio Ximenes; o presidente da Assembleia Legislativa do Cear\u00e1, Evandro Leit\u00e3o; al\u00e9m de outros deputados estaduais e autoridades locais.<br>A obra visa urbanizar o entorno do Monumento de S\u00e3o Francisco, oportunizando aos romeiros, visitantes e p\u00fablico em geral espa\u00e7os para oferta de servi\u00e7os e momentos de reflex\u00e3o religiosa, integrando o roteiro religioso e valorizando o patrim\u00f4nio cultural de Canind\u00e9.<\/p>\n\n\n\n<figure class=\"wp-block-image size-full\"><img loading=\"lazy\" decoding=\"async\" width=\"912\" height=\"608\" src=\"https:\/\/blogdorogeriogomes.com.br\/wp-content\/uploads\/2022\/07\/IMG-20220701-WA0100.jpg\" alt=\"\" class=\"wp-image-25943\" srcset=\"https:\/\/blogdorogeriogomes.com.br\/noticias\/wp-content\/uploads\/2022\/07\/IMG-20220701-WA0100.jpg 912w, https:\/\/blogdorogeriogomes.com.br\/noticias\/wp-content\/uploads\/2022\/07\/IMG-20220701-WA0100-300x200.jpg 300w, https:\/\/blogdorogeriogomes.com.br\/noticias\/wp-content\/uploads\/2022\/07\/IMG-20220701-WA0100-768x512.jpg 768w, https:\/\/blogdorogeriogomes.com.br\/noticias\/wp-content\/uploads\/2022\/07\/IMG-20220701-WA0100-800x533.jpg 800w\" sizes=\"auto, (max-width: 912px) 100vw, 912px\" \/><\/figure>\n","protected":false},"excerpt":{"rendered":"<p>A ordem de servi\u00e7o para o in\u00edcio das obras de revitaliza\u00e7\u00e3o do entorno do monumento de S\u00e3o Francisco, em Canind\u00e9, foi assinado, nesta sexta-feira, dia 1\u00b0 de julho em visita da governadora do Cear\u00e1, Izolda Cela, ao munic\u00edpio. A a\u00e7\u00e3o, com investimento de R$ 11 milh\u00f5es, chega para fortalecer o turismo religioso local. Tamb\u00e9m estiveram no evento a prefeita de Canind\u00e9, Roz\u00e1rio Ximenes; o presidente da Assembleia Legislativa do Cear\u00e1, Evandro Leit\u00e3o; al\u00e9m de outros deputados estaduais e autoridades&hellip;<\/p>\n","protected":false},"author":1,"featured_media":25943,"comment_status":"open","ping_status":"open","sticky":false,"template":"","format":"standard","meta":{"footnotes":""},"categories":[1],"tags":[],"class_list":["post-25942","post","type-post","status-publish","format-standard","has-post-thumbnail","hentry","category-noticias"],"_links":{"self":[{"href":"https:\/\/blogdorogeriogomes.com.br\/noticias\/wp-json\/wp\/v2\/posts\/25942","targetHints":{"allow":["GET"]}}],"collection":[{"href":"https:\/\/blogdorogeriogomes.com.br\/noticias\/wp-json\/wp\/v2\/posts"}],"about":[{"href":"https:\/\/blogdorogeriogomes.com.br\/noticias\/wp-json\/wp\/v2\/types\/post"}],"author":[{"embeddable":true,"href":"https:\/\/blogdorogeriogomes.com.br\/noticias\/wp-json\/wp\/v2\/users\/1"}],"replies":[{"embeddable":true,"href":"https:\/\/blogdorogeriogomes.com.br\/noticias\/wp-json\/wp\/v2\/comments?post=25942"}],"version-history":[{"count":1,"href":"https:\/\/blogdorogeriogomes.com.br\/noticias\/wp-json\/wp\/v2\/posts\/25942\/revisions"}],"predecessor-version":[{"id":25944,"href":"https:\/\/blogdorogeriogomes.com.br\/noticias\/wp-json\/wp\/v2\/posts\/25942\/revisions\/25944"}],"wp:featuredmedia":[{"embeddable":true,"href":"https:\/\/blogdorogeriogomes.com.br\/noticias\/wp-json\/wp\/v2\/media\/25943"}],"wp:attachment":[{"href":"https:\/\/blogdorogeriogomes.com.br\/noticias\/wp-json\/wp\/v2\/media?parent=25942"}],"wp:term":[{"taxonomy":"category","embeddable":true,"href":"https:\/\/blogdorogeriogomes.com.br\/noticias\/wp-json\/wp\/v2\/categories?post=25942"},{"taxonomy":"post_tag","embeddable":true,"href":"https:\/\/blogdorogeriogomes.com.br\/noticias\/wp-json\/wp\/v2\/tags?post=25942"}],"curies":[{"name":"wp","href":"https:\/\/api.w.org\/{rel}","templated":true}]}}