{"id":25945,"date":"2022-07-04T13:34:20","date_gmt":"2022-07-04T13:34:20","guid":{"rendered":"https:\/\/blogdorogeriogomes.com.br\/?p=25945"},"modified":"2022-07-05T10:40:44","modified_gmt":"2022-07-05T10:40:44","slug":"governo-do-ceara-decide-reduzir-o-icms-dos-combustiveis-e-energia","status":"publish","type":"post","link":"https:\/\/blogdorogeriogomes.com.br\/noticias\/2022\/07\/governo-do-ceara-decide-reduzir-o-icms-dos-combustiveis-e-energia\/","title":{"rendered":"Governo do Cear\u00e1 decide reduzir o ICMS dos combust\u00edveis e energia"},"content":{"rendered":"\n<p>A governadora Izolda Cela confirmou na manh\u00e3 desta segunda-feira, dia 4 de julho, que vai passar a respeitar o teto de 17% na al\u00edquota do Imposto sobre Circula\u00e7\u00e3o de Mercadorias e Servi\u00e7os (ICMS) para combust\u00edveis, energia e servi\u00e7os de transporte no Cear\u00e1. <\/p>\n\n\n\n<p>Isto porque o Governo do Estado vinha adiando redu\u00e7\u00e3o do imposto em meio ao questionamento judicial da medida no STF por 11 governadores, que alegam perda de receita. &#8220;Continuaremos lutando para que o Estado n\u00e3o perca recursos para a educa\u00e7\u00e3o, sa\u00fade, seguran\u00e7a e programas sociais&#8221;, disse Izolda Cela. Segundo a Secretaria da Fazenda, a perda estimada aos cofres p\u00fablicos do Cear\u00e1 \u00e9 de R$ 3 bilh\u00f5es somente em 2022.<br>Com novo valor a ser praticado com o teto de 17% no ICMS, h\u00e1 a expectativa que os pre\u00e7os cobrados ao consumidor final nos postos de combust\u00edveis sejam reduzidos.&nbsp;<\/p>\n\n\n\n<figure class=\"wp-block-image size-full\"><img loading=\"lazy\" decoding=\"async\" width=\"678\" height=\"452\" src=\"https:\/\/blogdorogeriogomes.com.br\/wp-content\/uploads\/2022\/07\/images-2022-07-04T102107.956.jpeg\" alt=\"\" class=\"wp-image-25946\" srcset=\"https:\/\/blogdorogeriogomes.com.br\/noticias\/wp-content\/uploads\/2022\/07\/images-2022-07-04T102107.956.jpeg 678w, https:\/\/blogdorogeriogomes.com.br\/noticias\/wp-content\/uploads\/2022\/07\/images-2022-07-04T102107.956-300x200.jpeg 300w\" sizes=\"auto, (max-width: 678px) 100vw, 678px\" \/><\/figure>\n","protected":false},"excerpt":{"rendered":"<p>A governadora Izolda Cela confirmou na manh\u00e3 desta segunda-feira, dia 4 de julho, que vai passar a respeitar o teto de 17% na al\u00edquota do Imposto sobre Circula\u00e7\u00e3o de Mercadorias e Servi\u00e7os (ICMS) para combust\u00edveis, energia e servi\u00e7os de transporte no Cear\u00e1. Isto porque o Governo do Estado vinha adiando redu\u00e7\u00e3o do imposto em meio ao questionamento judicial da medida no STF por 11 governadores, que alegam perda de receita. &#8220;Continuaremos lutando para que o Estado n\u00e3o perca recursos&hellip;<\/p>\n","protected":false},"author":1,"featured_media":25946,"comment_status":"open","ping_status":"open","sticky":false,"template":"","format":"standard","meta":{"footnotes":""},"categories":[1],"tags":[],"class_list":["post-25945","post","type-post","status-publish","format-standard","has-post-thumbnail","hentry","category-noticias"],"_links":{"self":[{"href":"https:\/\/blogdorogeriogomes.com.br\/noticias\/wp-json\/wp\/v2\/posts\/25945","targetHints":{"allow":["GET"]}}],"collection":[{"href":"https:\/\/blogdorogeriogomes.com.br\/noticias\/wp-json\/wp\/v2\/posts"}],"about":[{"href":"https:\/\/blogdorogeriogomes.com.br\/noticias\/wp-json\/wp\/v2\/types\/post"}],"author":[{"embeddable":true,"href":"https:\/\/blogdorogeriogomes.com.br\/noticias\/wp-json\/wp\/v2\/users\/1"}],"replies":[{"embeddable":true,"href":"https:\/\/blogdorogeriogomes.com.br\/noticias\/wp-json\/wp\/v2\/comments?post=25945"}],"version-history":[{"count":2,"href":"https:\/\/blogdorogeriogomes.com.br\/noticias\/wp-json\/wp\/v2\/posts\/25945\/revisions"}],"predecessor-version":[{"id":25958,"href":"https:\/\/blogdorogeriogomes.com.br\/noticias\/wp-json\/wp\/v2\/posts\/25945\/revisions\/25958"}],"wp:featuredmedia":[{"embeddable":true,"href":"https:\/\/blogdorogeriogomes.com.br\/noticias\/wp-json\/wp\/v2\/media\/25946"}],"wp:attachment":[{"href":"https:\/\/blogdorogeriogomes.com.br\/noticias\/wp-json\/wp\/v2\/media?parent=25945"}],"wp:term":[{"taxonomy":"category","embeddable":true,"href":"https:\/\/blogdorogeriogomes.com.br\/noticias\/wp-json\/wp\/v2\/categories?post=25945"},{"taxonomy":"post_tag","embeddable":true,"href":"https:\/\/blogdorogeriogomes.com.br\/noticias\/wp-json\/wp\/v2\/tags?post=25945"}],"curies":[{"name":"wp","href":"https:\/\/api.w.org\/{rel}","templated":true}]}}