{"id":25951,"date":"2022-07-04T22:10:48","date_gmt":"2022-07-04T22:10:48","guid":{"rendered":"https:\/\/blogdorogeriogomes.com.br\/?p=25951"},"modified":"2022-07-05T10:40:07","modified_gmt":"2022-07-05T10:40:07","slug":"pl-deixa-a-base-do-prefeito-jose-sarto-na-camara-municipal-de-fortaleza-bolsonarista-carmelo-neto-e-o-novo-lider-do-partido-na-casa","status":"publish","type":"post","link":"https:\/\/blogdorogeriogomes.com.br\/noticias\/2022\/07\/pl-deixa-a-base-do-prefeito-jose-sarto-na-camara-municipal-de-fortaleza-bolsonarista-carmelo-neto-e-o-novo-lider-do-partido-na-casa\/","title":{"rendered":"PL deixa a base do prefeito Jos\u00e9 Sarto na C\u00e2mara Municipal de Fortaleza. Bolsonarista Carmelo Neto \u00e9 o novo l\u00edder do partido na Casa"},"content":{"rendered":"\n<p>Depois que o presidente Jair Bolsonaro entrou no PL, o partido come\u00e7ou a mudar de lado na C\u00e2mara Municipal de Fortaleza. Com a defini\u00e7\u00e3o que o novo l\u00edder na Casa ser\u00e1 o vereador bolsonarista Carmelo Neto, o partido deixa em definitivo a base do prefeito Jos\u00e9 Sarto (PDT). No PL, apenas vereadoras Ana do Aracap\u00e9 e Tia Francisca ainda defendem a gest\u00e3o municipal.<\/p>\n\n\n\n<p>Com seis parlamentares, o PL \u00e9 o segundo maior partido no Parlamento Municipal, ficando atr\u00e1s apenas do PDT, com 10. O antigo l\u00edder do PL na C\u00e2mara era o vereador Pedro Matos. A mudan\u00e7a da lideran\u00e7a para Carmelo Neto recebou o aval do presidente do PL no Cear\u00e1, Acilon Gon\u00e7alves.<\/p>\n\n\n\n<p>O PL busca montar um palanque para o presidente Jair Bolsonaro no Cear\u00e1 visando as elei\u00e7\u00f5es de outubro.<\/p>\n\n\n\n<figure class=\"wp-block-image size-full\"><img loading=\"lazy\" decoding=\"async\" width=\"800\" height=\"533\" src=\"https:\/\/blogdorogeriogomes.com.br\/wp-content\/uploads\/2022\/07\/ASM_2104.jpg\" alt=\"\" class=\"wp-image-25952\" srcset=\"https:\/\/blogdorogeriogomes.com.br\/noticias\/wp-content\/uploads\/2022\/07\/ASM_2104.jpg 800w, https:\/\/blogdorogeriogomes.com.br\/noticias\/wp-content\/uploads\/2022\/07\/ASM_2104-300x200.jpg 300w, https:\/\/blogdorogeriogomes.com.br\/noticias\/wp-content\/uploads\/2022\/07\/ASM_2104-768x512.jpg 768w\" sizes=\"auto, (max-width: 800px) 100vw, 800px\" \/><\/figure>\n","protected":false},"excerpt":{"rendered":"<p>Depois que o presidente Jair Bolsonaro entrou no PL, o partido come\u00e7ou a mudar de lado na C\u00e2mara Municipal de Fortaleza. Com a defini\u00e7\u00e3o que o novo l\u00edder na Casa ser\u00e1 o vereador bolsonarista Carmelo Neto, o partido deixa em definitivo a base do prefeito Jos\u00e9 Sarto (PDT). No PL, apenas vereadoras Ana do Aracap\u00e9 e Tia Francisca ainda defendem a gest\u00e3o municipal. Com seis parlamentares, o PL \u00e9 o segundo maior partido no Parlamento Municipal, ficando atr\u00e1s apenas&hellip;<\/p>\n","protected":false},"author":1,"featured_media":25952,"comment_status":"open","ping_status":"open","sticky":false,"template":"","format":"standard","meta":{"footnotes":""},"categories":[1],"tags":[],"class_list":["post-25951","post","type-post","status-publish","format-standard","has-post-thumbnail","hentry","category-noticias"],"_links":{"self":[{"href":"https:\/\/blogdorogeriogomes.com.br\/noticias\/wp-json\/wp\/v2\/posts\/25951","targetHints":{"allow":["GET"]}}],"collection":[{"href":"https:\/\/blogdorogeriogomes.com.br\/noticias\/wp-json\/wp\/v2\/posts"}],"about":[{"href":"https:\/\/blogdorogeriogomes.com.br\/noticias\/wp-json\/wp\/v2\/types\/post"}],"author":[{"embeddable":true,"href":"https:\/\/blogdorogeriogomes.com.br\/noticias\/wp-json\/wp\/v2\/users\/1"}],"replies":[{"embeddable":true,"href":"https:\/\/blogdorogeriogomes.com.br\/noticias\/wp-json\/wp\/v2\/comments?post=25951"}],"version-history":[{"count":1,"href":"https:\/\/blogdorogeriogomes.com.br\/noticias\/wp-json\/wp\/v2\/posts\/25951\/revisions"}],"predecessor-version":[{"id":25953,"href":"https:\/\/blogdorogeriogomes.com.br\/noticias\/wp-json\/wp\/v2\/posts\/25951\/revisions\/25953"}],"wp:featuredmedia":[{"embeddable":true,"href":"https:\/\/blogdorogeriogomes.com.br\/noticias\/wp-json\/wp\/v2\/media\/25952"}],"wp:attachment":[{"href":"https:\/\/blogdorogeriogomes.com.br\/noticias\/wp-json\/wp\/v2\/media?parent=25951"}],"wp:term":[{"taxonomy":"category","embeddable":true,"href":"https:\/\/blogdorogeriogomes.com.br\/noticias\/wp-json\/wp\/v2\/categories?post=25951"},{"taxonomy":"post_tag","embeddable":true,"href":"https:\/\/blogdorogeriogomes.com.br\/noticias\/wp-json\/wp\/v2\/tags?post=25951"}],"curies":[{"name":"wp","href":"https:\/\/api.w.org\/{rel}","templated":true}]}}