{"id":25955,"date":"2022-07-04T22:39:30","date_gmt":"2022-07-04T22:39:30","guid":{"rendered":"https:\/\/blogdorogeriogomes.com.br\/?p=25955"},"modified":"2022-07-06T18:36:35","modified_gmt":"2022-07-06T18:36:35","slug":"camilo-santana-chama-de-oportunistas-os-politicos-que-defendem-bolsonaro-e-ignoram-os-prejuizos-causados-ao-estado-com-o-teto-do-icms","status":"publish","type":"post","link":"https:\/\/blogdorogeriogomes.com.br\/noticias\/2022\/07\/camilo-santana-chama-de-oportunistas-os-politicos-que-defendem-bolsonaro-e-ignoram-os-prejuizos-causados-ao-estado-com-o-teto-do-icms\/","title":{"rendered":"Camilo Santana chama de &#8220;oportunistas&#8221; os pol\u00edticos que defendem Bolsonaro e ignoram os preju\u00edzos causados ao Estado com o teto do ICMS"},"content":{"rendered":"\n<p>O ex-governador do Cear\u00e1, Camilo Santana (PT), partiu para o ataque contra parlamentares bolsonaristas no Cear\u00e1 que comemoraram a redu\u00e7\u00e3o do Imposto sobre Circula\u00e7\u00e3o de Mercadorias e Servi\u00e7os (ICMS), sem levar em conta os preju\u00edzos para os cofres do Estado quanto \u00e0s despesas com sa\u00fade e educa\u00e7\u00e3o. A aplica\u00e7\u00e3o do teto de 18% na al\u00edquota foi confirmada pelo Governo do Estado, mas a governadora Izolda Cela e outros 10 governadores questionam no STF a estipula\u00e7\u00e3o do teto no ICMS.<\/p>\n\n\n\n<p>&#8220;Alguns pol\u00edticos oportunistas do Cear\u00e1 comemoram redu\u00e7\u00e3o do ICMS, mas apoiam o presidente que nunca fez nada para mudar a pol\u00edtica criminosa de pre\u00e7os da Petrobras, verdadeira vil\u00e3 do combust\u00edvel caro? Esses apostam no quanto pior melhor para a sa\u00fade, educa\u00e7\u00e3o, seguran\u00e7a e social&#8221;, disse Camilo Santana.<\/p>\n\n\n\n<p>O principal pr\u00e9-candidato da oposi\u00e7\u00e3o ao Governo do Estado, Capit\u00e3o Wagner (Uni\u00e3o Brasil) comemorou a estipula\u00e7\u00e3o do teto do ICMS. &#8220;Depois de 19 estados j\u00e1 terem aderido a essa redu\u00e7\u00e3o, finalmente o Estado do Cear\u00e1 vai aderir&#8221;, destacou.<\/p>\n\n\n\n<p>A expectativa do Sindipostos \u00e9 que o valor do litro da gasolina pode cair entre 80 centavos e R$ 1 real. Em rela\u00e7\u00e3o a conta da energia el\u00e9trica, o setor espera baixar o valor da tarifa em torno de 10%.<\/p>\n\n\n\n<figure class=\"wp-block-image size-full\"><img loading=\"lazy\" decoding=\"async\" width=\"640\" height=\"480\" src=\"https:\/\/blogdorogeriogomes.com.br\/wp-content\/uploads\/2022\/07\/images-2022-07-04T193312.514.jpeg\" alt=\"\" class=\"wp-image-25956\" srcset=\"https:\/\/blogdorogeriogomes.com.br\/noticias\/wp-content\/uploads\/2022\/07\/images-2022-07-04T193312.514.jpeg 640w, https:\/\/blogdorogeriogomes.com.br\/noticias\/wp-content\/uploads\/2022\/07\/images-2022-07-04T193312.514-300x225.jpeg 300w, https:\/\/blogdorogeriogomes.com.br\/noticias\/wp-content\/uploads\/2022\/07\/images-2022-07-04T193312.514-400x300.jpeg 400w\" sizes=\"auto, (max-width: 640px) 100vw, 640px\" \/><\/figure>\n","protected":false},"excerpt":{"rendered":"<p>O ex-governador do Cear\u00e1, Camilo Santana (PT), partiu para o ataque contra parlamentares bolsonaristas no Cear\u00e1 que comemoraram a redu\u00e7\u00e3o do Imposto sobre Circula\u00e7\u00e3o de Mercadorias e Servi\u00e7os (ICMS), sem levar em conta os preju\u00edzos para os cofres do Estado quanto \u00e0s despesas com sa\u00fade e educa\u00e7\u00e3o. A aplica\u00e7\u00e3o do teto de 18% na al\u00edquota foi confirmada pelo Governo do Estado, mas a governadora Izolda Cela e outros 10 governadores questionam no STF a estipula\u00e7\u00e3o do teto no ICMS.&hellip;<\/p>\n","protected":false},"author":1,"featured_media":25956,"comment_status":"open","ping_status":"open","sticky":false,"template":"","format":"standard","meta":{"footnotes":""},"categories":[1],"tags":[],"class_list":["post-25955","post","type-post","status-publish","format-standard","has-post-thumbnail","hentry","category-noticias"],"_links":{"self":[{"href":"https:\/\/blogdorogeriogomes.com.br\/noticias\/wp-json\/wp\/v2\/posts\/25955","targetHints":{"allow":["GET"]}}],"collection":[{"href":"https:\/\/blogdorogeriogomes.com.br\/noticias\/wp-json\/wp\/v2\/posts"}],"about":[{"href":"https:\/\/blogdorogeriogomes.com.br\/noticias\/wp-json\/wp\/v2\/types\/post"}],"author":[{"embeddable":true,"href":"https:\/\/blogdorogeriogomes.com.br\/noticias\/wp-json\/wp\/v2\/users\/1"}],"replies":[{"embeddable":true,"href":"https:\/\/blogdorogeriogomes.com.br\/noticias\/wp-json\/wp\/v2\/comments?post=25955"}],"version-history":[{"count":1,"href":"https:\/\/blogdorogeriogomes.com.br\/noticias\/wp-json\/wp\/v2\/posts\/25955\/revisions"}],"predecessor-version":[{"id":25957,"href":"https:\/\/blogdorogeriogomes.com.br\/noticias\/wp-json\/wp\/v2\/posts\/25955\/revisions\/25957"}],"wp:featuredmedia":[{"embeddable":true,"href":"https:\/\/blogdorogeriogomes.com.br\/noticias\/wp-json\/wp\/v2\/media\/25956"}],"wp:attachment":[{"href":"https:\/\/blogdorogeriogomes.com.br\/noticias\/wp-json\/wp\/v2\/media?parent=25955"}],"wp:term":[{"taxonomy":"category","embeddable":true,"href":"https:\/\/blogdorogeriogomes.com.br\/noticias\/wp-json\/wp\/v2\/categories?post=25955"},{"taxonomy":"post_tag","embeddable":true,"href":"https:\/\/blogdorogeriogomes.com.br\/noticias\/wp-json\/wp\/v2\/tags?post=25955"}],"curies":[{"name":"wp","href":"https:\/\/api.w.org\/{rel}","templated":true}]}}