{"id":25959,"date":"2022-07-05T11:40:34","date_gmt":"2022-07-05T11:40:34","guid":{"rendered":"https:\/\/blogdorogeriogomes.com.br\/?p=25959"},"modified":"2022-07-06T18:34:01","modified_gmt":"2022-07-06T18:34:01","slug":"prefeitura-de-fortaleza-prorroga-prazo-de-inscricao-para-concurso-publico-de-professores-ate-10-de-julho","status":"publish","type":"post","link":"https:\/\/blogdorogeriogomes.com.br\/noticias\/2022\/07\/prefeitura-de-fortaleza-prorroga-prazo-de-inscricao-para-concurso-publico-de-professores-ate-10-de-julho\/","title":{"rendered":"Prefeitura de Fortaleza prorroga prazo de inscri\u00e7\u00e3o para concurso p\u00fablico de professores at\u00e9 10 de julho"},"content":{"rendered":"\n<p>A Prefeitura de Fortaleza prorrogou, at\u00e9 o pr\u00f3ximo domingo, dia 10 de julho, o prazo de inscri\u00e7\u00f5es do concurso p\u00fablico para a contrata\u00e7\u00e3o de dois mil professores efetivos para a Rede Municipal de Ensino. O certame ser\u00e1 realizado pelo Instituto de Desenvolvimento e Recursos Humanos do Munic\u00edpio (Imparh). Para se inscrever, o candidato deve preencher o formul\u00e1rio de inscri\u00e7\u00e3o, exclusivamente pela internet, dispon\u00edvel no&nbsp;canal Concursos e Sele\u00e7\u00f5es da Prefeitura da Capital.<\/p>\n\n\n\n<p>O concurso p\u00fablico oferta 944 vagas para professores de \u00e1reas espec\u00edficas (Ci\u00eancias, L\u00edngua Portuguesa, Educa\u00e7\u00e3o F\u00edsica, Geografia, Hist\u00f3ria, L\u00edngua Portuguesa\/Literatura, Matem\u00e1tica e Ensino Religioso) e 1.056 para profissionais pedagogos.<\/p>\n\n\n\n<figure class=\"wp-block-image size-full\"><img loading=\"lazy\" decoding=\"async\" width=\"500\" height=\"320\" src=\"https:\/\/blogdorogeriogomes.com.br\/wp-content\/uploads\/2022\/07\/0101concursoprofessores.jpg\" alt=\"\" class=\"wp-image-25960\" srcset=\"https:\/\/blogdorogeriogomes.com.br\/noticias\/wp-content\/uploads\/2022\/07\/0101concursoprofessores.jpg 500w, https:\/\/blogdorogeriogomes.com.br\/noticias\/wp-content\/uploads\/2022\/07\/0101concursoprofessores-300x192.jpg 300w\" sizes=\"auto, (max-width: 500px) 100vw, 500px\" \/><\/figure>\n","protected":false},"excerpt":{"rendered":"<p>A Prefeitura de Fortaleza prorrogou, at\u00e9 o pr\u00f3ximo domingo, dia 10 de julho, o prazo de inscri\u00e7\u00f5es do concurso p\u00fablico para a contrata\u00e7\u00e3o de dois mil professores efetivos para a Rede Municipal de Ensino. O certame ser\u00e1 realizado pelo Instituto de Desenvolvimento e Recursos Humanos do Munic\u00edpio (Imparh). Para se inscrever, o candidato deve preencher o formul\u00e1rio de inscri\u00e7\u00e3o, exclusivamente pela internet, dispon\u00edvel no&nbsp;canal Concursos e Sele\u00e7\u00f5es da Prefeitura da Capital. O concurso p\u00fablico oferta 944 vagas para professores&hellip;<\/p>\n","protected":false},"author":1,"featured_media":25960,"comment_status":"open","ping_status":"open","sticky":false,"template":"","format":"standard","meta":{"footnotes":""},"categories":[1],"tags":[],"class_list":["post-25959","post","type-post","status-publish","format-standard","has-post-thumbnail","hentry","category-noticias"],"_links":{"self":[{"href":"https:\/\/blogdorogeriogomes.com.br\/noticias\/wp-json\/wp\/v2\/posts\/25959","targetHints":{"allow":["GET"]}}],"collection":[{"href":"https:\/\/blogdorogeriogomes.com.br\/noticias\/wp-json\/wp\/v2\/posts"}],"about":[{"href":"https:\/\/blogdorogeriogomes.com.br\/noticias\/wp-json\/wp\/v2\/types\/post"}],"author":[{"embeddable":true,"href":"https:\/\/blogdorogeriogomes.com.br\/noticias\/wp-json\/wp\/v2\/users\/1"}],"replies":[{"embeddable":true,"href":"https:\/\/blogdorogeriogomes.com.br\/noticias\/wp-json\/wp\/v2\/comments?post=25959"}],"version-history":[{"count":2,"href":"https:\/\/blogdorogeriogomes.com.br\/noticias\/wp-json\/wp\/v2\/posts\/25959\/revisions"}],"predecessor-version":[{"id":25987,"href":"https:\/\/blogdorogeriogomes.com.br\/noticias\/wp-json\/wp\/v2\/posts\/25959\/revisions\/25987"}],"wp:featuredmedia":[{"embeddable":true,"href":"https:\/\/blogdorogeriogomes.com.br\/noticias\/wp-json\/wp\/v2\/media\/25960"}],"wp:attachment":[{"href":"https:\/\/blogdorogeriogomes.com.br\/noticias\/wp-json\/wp\/v2\/media?parent=25959"}],"wp:term":[{"taxonomy":"category","embeddable":true,"href":"https:\/\/blogdorogeriogomes.com.br\/noticias\/wp-json\/wp\/v2\/categories?post=25959"},{"taxonomy":"post_tag","embeddable":true,"href":"https:\/\/blogdorogeriogomes.com.br\/noticias\/wp-json\/wp\/v2\/tags?post=25959"}],"curies":[{"name":"wp","href":"https:\/\/api.w.org\/{rel}","templated":true}]}}