{"id":25970,"date":"2022-07-06T00:34:46","date_gmt":"2022-07-06T00:34:46","guid":{"rendered":"https:\/\/blogdorogeriogomes.com.br\/?p=25970"},"modified":"2022-07-06T18:33:21","modified_gmt":"2022-07-06T18:33:21","slug":"vitoria-da-cultura-congresso-derruba-vetos-de-bolsonaro-as-leis-paulo-gustavo-e-aldir-blanc-2","status":"publish","type":"post","link":"https:\/\/blogdorogeriogomes.com.br\/noticias\/2022\/07\/vitoria-da-cultura-congresso-derruba-vetos-de-bolsonaro-as-leis-paulo-gustavo-e-aldir-blanc-2\/","title":{"rendered":"Vit\u00f3ria da Cultura. Congresso derruba vetos de Bolsonaro \u00e0s leis Paulo Gustavo e Aldir Blanc 2"},"content":{"rendered":"\n<p>Uma vit\u00f3ria para o setor cultural no Pa\u00eds. Nesta ter\u00e7a-feira, dia 5 de julho, o Congresso Nacional derrubou os vetos do presidente Jair Bolsonaro a duas leis que incentivam a cultura: a Lei Paulo Gustavo e a Lei Aldir Blanc 2. O Governo Bolsonaro tem se notabilizado pelos cortes nos recursos para o setor. Artistas foram a Bras\u00edlia para acompanhar a vota\u00e7\u00e3o do veto e comemoraram o resultado.<\/p>\n\n\n\n<p>A Lei Paulo Gustavo prev\u00ea destina\u00e7\u00e3o de R$ 3,86 bilh\u00f5es a estados e munic\u00edpios para o setor cultural, por conta dos efeitos da pandemia de Covid-19. J\u00e1 a Lei Aldir Blanc 2 estabelece um repasse anual de R$ 3 bilh\u00f5es aos governos estaduais e municipais, durante cinco anos para o financiamento de iniciativas culturais.<\/p>\n\n\n\n<figure class=\"wp-block-image size-full\"><img loading=\"lazy\" decoding=\"async\" width=\"678\" height=\"452\" src=\"https:\/\/blogdorogeriogomes.com.br\/wp-content\/uploads\/2022\/07\/images-2022-07-05T213223.835.jpeg\" alt=\"\" class=\"wp-image-25971\" srcset=\"https:\/\/blogdorogeriogomes.com.br\/noticias\/wp-content\/uploads\/2022\/07\/images-2022-07-05T213223.835.jpeg 678w, https:\/\/blogdorogeriogomes.com.br\/noticias\/wp-content\/uploads\/2022\/07\/images-2022-07-05T213223.835-300x200.jpeg 300w\" sizes=\"auto, (max-width: 678px) 100vw, 678px\" \/><\/figure>\n","protected":false},"excerpt":{"rendered":"<p>Uma vit\u00f3ria para o setor cultural no Pa\u00eds. Nesta ter\u00e7a-feira, dia 5 de julho, o Congresso Nacional derrubou os vetos do presidente Jair Bolsonaro a duas leis que incentivam a cultura: a Lei Paulo Gustavo e a Lei Aldir Blanc 2. O Governo Bolsonaro tem se notabilizado pelos cortes nos recursos para o setor. Artistas foram a Bras\u00edlia para acompanhar a vota\u00e7\u00e3o do veto e comemoraram o resultado. A Lei Paulo Gustavo prev\u00ea destina\u00e7\u00e3o de R$ 3,86 bilh\u00f5es a&hellip;<\/p>\n","protected":false},"author":1,"featured_media":25971,"comment_status":"open","ping_status":"open","sticky":false,"template":"","format":"standard","meta":{"footnotes":""},"categories":[1],"tags":[],"class_list":["post-25970","post","type-post","status-publish","format-standard","has-post-thumbnail","hentry","category-noticias"],"_links":{"self":[{"href":"https:\/\/blogdorogeriogomes.com.br\/noticias\/wp-json\/wp\/v2\/posts\/25970","targetHints":{"allow":["GET"]}}],"collection":[{"href":"https:\/\/blogdorogeriogomes.com.br\/noticias\/wp-json\/wp\/v2\/posts"}],"about":[{"href":"https:\/\/blogdorogeriogomes.com.br\/noticias\/wp-json\/wp\/v2\/types\/post"}],"author":[{"embeddable":true,"href":"https:\/\/blogdorogeriogomes.com.br\/noticias\/wp-json\/wp\/v2\/users\/1"}],"replies":[{"embeddable":true,"href":"https:\/\/blogdorogeriogomes.com.br\/noticias\/wp-json\/wp\/v2\/comments?post=25970"}],"version-history":[{"count":1,"href":"https:\/\/blogdorogeriogomes.com.br\/noticias\/wp-json\/wp\/v2\/posts\/25970\/revisions"}],"predecessor-version":[{"id":25972,"href":"https:\/\/blogdorogeriogomes.com.br\/noticias\/wp-json\/wp\/v2\/posts\/25970\/revisions\/25972"}],"wp:featuredmedia":[{"embeddable":true,"href":"https:\/\/blogdorogeriogomes.com.br\/noticias\/wp-json\/wp\/v2\/media\/25971"}],"wp:attachment":[{"href":"https:\/\/blogdorogeriogomes.com.br\/noticias\/wp-json\/wp\/v2\/media?parent=25970"}],"wp:term":[{"taxonomy":"category","embeddable":true,"href":"https:\/\/blogdorogeriogomes.com.br\/noticias\/wp-json\/wp\/v2\/categories?post=25970"},{"taxonomy":"post_tag","embeddable":true,"href":"https:\/\/blogdorogeriogomes.com.br\/noticias\/wp-json\/wp\/v2\/tags?post=25970"}],"curies":[{"name":"wp","href":"https:\/\/api.w.org\/{rel}","templated":true}]}}