{"id":25982,"date":"2022-07-06T12:27:09","date_gmt":"2022-07-06T12:27:09","guid":{"rendered":"https:\/\/blogdorogeriogomes.com.br\/?p=25982"},"modified":"2022-07-06T18:32:27","modified_gmt":"2022-07-06T18:32:27","slug":"radialista-wilton-bezerra-lanca-livro-e-recebe-titulo-de-cidadao-no-crato","status":"publish","type":"post","link":"https:\/\/blogdorogeriogomes.com.br\/noticias\/2022\/07\/radialista-wilton-bezerra-lanca-livro-e-recebe-titulo-de-cidadao-no-crato\/","title":{"rendered":"Radialista Wilton Bezerra lan\u00e7a livro e recebe t\u00edtulo de cidad\u00e3o no Crato"},"content":{"rendered":"\n<p>O radialista e comentarista esportivo Wilton Bezerra estar\u00e1 no Cariri durante esta semana para tr\u00eas agendas importantes.<\/p>\n\n\n\n<p>Na <em>sexta, dia <\/em>8 de julho<em>, Wilton receber\u00e1 o T\u00edtulo de Cidad\u00e3o Cratense<\/em> da C\u00e2mara Municipal, em solenidade marcada para as 19 horas no Crato T\u00eanis Clube. A homenagem foi proposta pelo vereador Pedro Lobo (PT) e aprovada por unanimidade no plen\u00e1rio da Casa.<\/p>\n\n\n\n<p>Nos <em>dias 7 e 9, em Juazeiro e Crato, respectivamente, o comentarista ir\u00e1 lan\u00e7ar na regi\u00e3o o seu livro in<\/em><em>titulado \u201cWilton Bezerra &#8211; Cr\u00f4nicas e Causos\u201d<\/em>. Resultado de cr\u00f4nicas escritas para jornais e p\u00e1ginas nas redes sociais, o conte\u00fado das cr\u00f4nicas \u00e9 singelo. Fala da inf\u00e2ncia do autor, da trajet\u00f3ria profissional, de futebol e de dimens\u00f5es do cotidiano.<\/p>\n\n\n\n<p>\u201cOs micro causos derivam de uma rica viv\u00eancia no r\u00e1dio, lugar para se contar hist\u00f3ria. Atrav\u00e9s de programas esportivos, entre outros meios, sempre cultivamos o h\u00e1bito de contar a vida de forma divertida e bem humorada\u201d, afirma Wilton, que cunhou a frase: &#8220;O radialista \u00e9 o pobre mais alegre que existe\u201d.<\/p>\n\n\n\n<p>Em Juazeiro, a noite de aut\u00f3grafos acontecer\u00e1 no dia 7 (quinta), \u00e0s 19 horas, no Rotary Club Juazeiro.<\/p>\n\n\n\n<p>J\u00e1 no Crato, o lan\u00e7amento ser\u00e1 no dia 9 de julho (s\u00e1bado), \u00e0s 9h da manh\u00e3, no audit\u00f3rio do Instituto Cultural do Cariri.<\/p>\n\n\n\n<p>Segundo o autor, \u201co livro tem hist\u00f3rias de toda \u2018versidade\u2019, contadas do nosso jeito. Umas engra\u00e7adas, outras nem tanto. N\u00e3o deixa de ser um esfor\u00e7o no sentido de evitar que a nossa cultura oral, escrita e original desapare\u00e7a\u201d. A obra tem a primeira parte dedicada \u00e0s cr\u00f4nicas e a segunda focaliza os causos.<\/p>\n\n\n\n<p>Interessados em adquirir o livro podem faz\u00ea-lo durante os lan\u00e7amentos ou atrav\u00e9s do n\u00famero (85) 99963-3399, com Araci Cordeiro de Oliveira. O n\u00famero tamb\u00e9m \u00e9 a chave Pix para pagamento. O valor \u00e9 R$ 50,00<\/p>\n\n\n\n<p><em>Servi\u00e7o:<\/em><\/p>\n\n\n\n<p><em>Lan\u00e7amento do Livro \u201cWilton Bezerra &#8211; Cr\u00f4nicas e Causos\u201d<\/em><\/p>\n\n\n\n<p>Data: 7 de julho (quinta-feira)<br>Hor\u00e1rio: 19h<br>Local: Rotary Club Juazeiro do Norte (Av. Pe. Nestor Sampaio, 120 &#8211; Lagoa Seca)<\/p>\n\n\n\n<p>Data: 9 de julho (s\u00e1bado)<br>Hor\u00e1rio: 9h da manh\u00e3<br>Local: Instituto Cultural do Cariri &#8211; ICC (Rua Rui Barbosa, Centro do Crato, em frente ao Parque de Exposi\u00e7\u00f5es<\/p>\n\n\n\n<p><em>T\u00edtulo de Cidadania Cratense ao radialista Wilton Bezerra<\/em><\/p>\n\n\n\n<p>Data: 8 de julho (sexta-feira)<br>Hor\u00e1rio: 19h<br>Local: Crato T\u00eanis Clube (Rua Cel. Ant\u00f4nio Lu\u00edz, 1364 &#8211; Pimenta, Crato)<\/p>\n\n\n\n<figure class=\"wp-block-image size-full\"><img loading=\"lazy\" decoding=\"async\" width=\"648\" height=\"800\" src=\"https:\/\/blogdorogeriogomes.com.br\/wp-content\/uploads\/2022\/07\/IMG-20220705-WA0097.jpg\" alt=\"\" class=\"wp-image-25983\" srcset=\"https:\/\/blogdorogeriogomes.com.br\/noticias\/wp-content\/uploads\/2022\/07\/IMG-20220705-WA0097.jpg 648w, https:\/\/blogdorogeriogomes.com.br\/noticias\/wp-content\/uploads\/2022\/07\/IMG-20220705-WA0097-243x300.jpg 243w\" sizes=\"auto, (max-width: 648px) 100vw, 648px\" \/><\/figure>\n","protected":false},"excerpt":{"rendered":"<p>O radialista e comentarista esportivo Wilton Bezerra estar\u00e1 no Cariri durante esta semana para tr\u00eas agendas importantes. Na sexta, dia 8 de julho, Wilton receber\u00e1 o T\u00edtulo de Cidad\u00e3o Cratense da C\u00e2mara Municipal, em solenidade marcada para as 19 horas no Crato T\u00eanis Clube. A homenagem foi proposta pelo vereador Pedro Lobo (PT) e aprovada por unanimidade no plen\u00e1rio da Casa. Nos dias 7 e 9, em Juazeiro e Crato, respectivamente, o comentarista ir\u00e1 lan\u00e7ar na regi\u00e3o o seu&hellip;<\/p>\n","protected":false},"author":1,"featured_media":25983,"comment_status":"open","ping_status":"open","sticky":false,"template":"","format":"standard","meta":{"footnotes":""},"categories":[1],"tags":[],"class_list":["post-25982","post","type-post","status-publish","format-standard","has-post-thumbnail","hentry","category-noticias"],"_links":{"self":[{"href":"https:\/\/blogdorogeriogomes.com.br\/noticias\/wp-json\/wp\/v2\/posts\/25982","targetHints":{"allow":["GET"]}}],"collection":[{"href":"https:\/\/blogdorogeriogomes.com.br\/noticias\/wp-json\/wp\/v2\/posts"}],"about":[{"href":"https:\/\/blogdorogeriogomes.com.br\/noticias\/wp-json\/wp\/v2\/types\/post"}],"author":[{"embeddable":true,"href":"https:\/\/blogdorogeriogomes.com.br\/noticias\/wp-json\/wp\/v2\/users\/1"}],"replies":[{"embeddable":true,"href":"https:\/\/blogdorogeriogomes.com.br\/noticias\/wp-json\/wp\/v2\/comments?post=25982"}],"version-history":[{"count":1,"href":"https:\/\/blogdorogeriogomes.com.br\/noticias\/wp-json\/wp\/v2\/posts\/25982\/revisions"}],"predecessor-version":[{"id":25984,"href":"https:\/\/blogdorogeriogomes.com.br\/noticias\/wp-json\/wp\/v2\/posts\/25982\/revisions\/25984"}],"wp:featuredmedia":[{"embeddable":true,"href":"https:\/\/blogdorogeriogomes.com.br\/noticias\/wp-json\/wp\/v2\/media\/25983"}],"wp:attachment":[{"href":"https:\/\/blogdorogeriogomes.com.br\/noticias\/wp-json\/wp\/v2\/media?parent=25982"}],"wp:term":[{"taxonomy":"category","embeddable":true,"href":"https:\/\/blogdorogeriogomes.com.br\/noticias\/wp-json\/wp\/v2\/categories?post=25982"},{"taxonomy":"post_tag","embeddable":true,"href":"https:\/\/blogdorogeriogomes.com.br\/noticias\/wp-json\/wp\/v2\/tags?post=25982"}],"curies":[{"name":"wp","href":"https:\/\/api.w.org\/{rel}","templated":true}]}}