{"id":25991,"date":"2022-07-06T23:16:10","date_gmt":"2022-07-06T23:16:10","guid":{"rendered":"https:\/\/blogdorogeriogomes.com.br\/?p=25991"},"modified":"2022-07-07T10:21:15","modified_gmt":"2022-07-07T10:21:15","slug":"pl-de-bolsonaro-busca-formacao-de-palanque-no-ceara-se-com-candidatura-propria-ou-com-capitao-wagner","status":"publish","type":"post","link":"https:\/\/blogdorogeriogomes.com.br\/noticias\/2022\/07\/pl-de-bolsonaro-busca-formacao-de-palanque-no-ceara-se-com-candidatura-propria-ou-com-capitao-wagner\/","title":{"rendered":"PL de Bolsonaro busca forma\u00e7\u00e3o de palanque no Cear\u00e1. Se com candidatura pr\u00f3pria ou com Capit\u00e3o Wagner"},"content":{"rendered":"\n<p>O presidente estadual do PL, Acilon Gon\u00e7alves (e), promete definir at\u00e9 o pr\u00f3ximo dia 15 de julho qual o caminho que o partido deve seguir no Cear\u00e1 para a forma\u00e7\u00e3o de um palanque no Estado para a candidatura \u00e0 reelei\u00e7\u00e3o do presidente Jair Bolsonaro. H\u00e1 a op\u00e7\u00e3o de lan\u00e7ar um candidato pr\u00f3prio ao Governo do Cear\u00e1 com chapa encabe\u00e7ada pelo ex-deputado federal Pedro Gomes de Matos. Outra alternativa \u00e9 apoiar a candidatura de oposi\u00e7\u00e3o com o deputado federal Capit\u00e3o Wagner, do Uni\u00e3o Brasil.<\/p>\n\n\n\n<p>Acilon Gon\u00e7alves, que \u00e9 prefeito do munic\u00edpio de Eus\u00e9bio, na Regi\u00e3o Metropolitana de Fortaleza, aposta que o PL pode sair fortalecido com a forma\u00e7\u00e3o de uma boa bancada de parlamentares. Na C\u00e2mara dos Deputados, em Bras\u00edlia, a meta \u00e9 fazer entre quatro e cinco deputados federais. Na Assembleia Legislativa do Cear\u00e1, o objetivo \u00e9 chegar de quatro a seis deputados estaduais eleitos em outubro.<\/p>\n\n\n\n<figure class=\"wp-block-image size-full\"><img loading=\"lazy\" decoding=\"async\" width=\"666\" height=\"460\" src=\"https:\/\/blogdorogeriogomes.com.br\/wp-content\/uploads\/2022\/07\/images-2022-07-06T193555.378.jpeg\" alt=\"\" class=\"wp-image-25992\" srcset=\"https:\/\/blogdorogeriogomes.com.br\/noticias\/wp-content\/uploads\/2022\/07\/images-2022-07-06T193555.378.jpeg 666w, https:\/\/blogdorogeriogomes.com.br\/noticias\/wp-content\/uploads\/2022\/07\/images-2022-07-06T193555.378-300x207.jpeg 300w\" sizes=\"auto, (max-width: 666px) 100vw, 666px\" \/><\/figure>\n","protected":false},"excerpt":{"rendered":"<p>O presidente estadual do PL, Acilon Gon\u00e7alves (e), promete definir at\u00e9 o pr\u00f3ximo dia 15 de julho qual o caminho que o partido deve seguir no Cear\u00e1 para a forma\u00e7\u00e3o de um palanque no Estado para a candidatura \u00e0 reelei\u00e7\u00e3o do presidente Jair Bolsonaro. H\u00e1 a op\u00e7\u00e3o de lan\u00e7ar um candidato pr\u00f3prio ao Governo do Cear\u00e1 com chapa encabe\u00e7ada pelo ex-deputado federal Pedro Gomes de Matos. Outra alternativa \u00e9 apoiar a candidatura de oposi\u00e7\u00e3o com o deputado federal Capit\u00e3o&hellip;<\/p>\n","protected":false},"author":1,"featured_media":25992,"comment_status":"open","ping_status":"open","sticky":false,"template":"","format":"standard","meta":{"footnotes":""},"categories":[1],"tags":[],"class_list":["post-25991","post","type-post","status-publish","format-standard","has-post-thumbnail","hentry","category-noticias"],"_links":{"self":[{"href":"https:\/\/blogdorogeriogomes.com.br\/noticias\/wp-json\/wp\/v2\/posts\/25991","targetHints":{"allow":["GET"]}}],"collection":[{"href":"https:\/\/blogdorogeriogomes.com.br\/noticias\/wp-json\/wp\/v2\/posts"}],"about":[{"href":"https:\/\/blogdorogeriogomes.com.br\/noticias\/wp-json\/wp\/v2\/types\/post"}],"author":[{"embeddable":true,"href":"https:\/\/blogdorogeriogomes.com.br\/noticias\/wp-json\/wp\/v2\/users\/1"}],"replies":[{"embeddable":true,"href":"https:\/\/blogdorogeriogomes.com.br\/noticias\/wp-json\/wp\/v2\/comments?post=25991"}],"version-history":[{"count":1,"href":"https:\/\/blogdorogeriogomes.com.br\/noticias\/wp-json\/wp\/v2\/posts\/25991\/revisions"}],"predecessor-version":[{"id":25993,"href":"https:\/\/blogdorogeriogomes.com.br\/noticias\/wp-json\/wp\/v2\/posts\/25991\/revisions\/25993"}],"wp:featuredmedia":[{"embeddable":true,"href":"https:\/\/blogdorogeriogomes.com.br\/noticias\/wp-json\/wp\/v2\/media\/25992"}],"wp:attachment":[{"href":"https:\/\/blogdorogeriogomes.com.br\/noticias\/wp-json\/wp\/v2\/media?parent=25991"}],"wp:term":[{"taxonomy":"category","embeddable":true,"href":"https:\/\/blogdorogeriogomes.com.br\/noticias\/wp-json\/wp\/v2\/categories?post=25991"},{"taxonomy":"post_tag","embeddable":true,"href":"https:\/\/blogdorogeriogomes.com.br\/noticias\/wp-json\/wp\/v2\/tags?post=25991"}],"curies":[{"name":"wp","href":"https:\/\/api.w.org\/{rel}","templated":true}]}}