{"id":26007,"date":"2022-07-07T23:06:43","date_gmt":"2022-07-07T23:06:43","guid":{"rendered":"https:\/\/blogdorogeriogomes.com.br\/?p=26007"},"modified":"2022-07-11T13:07:42","modified_gmt":"2022-07-11T13:07:42","slug":"com-baixo-quorum-na-camara-arthur-lira-adia-votacao-da-pec-do-desespero-para-a-proxima-semana","status":"publish","type":"post","link":"https:\/\/blogdorogeriogomes.com.br\/noticias\/2022\/07\/com-baixo-quorum-na-camara-arthur-lira-adia-votacao-da-pec-do-desespero-para-a-proxima-semana\/","title":{"rendered":"Com baixo quorum na C\u00e2mara, Arthur Lira adia vota\u00e7\u00e3o da PEC do Desespero para a pr\u00f3xima semana"},"content":{"rendered":"\n<p>Sem querer arriscar uma vota\u00e7\u00e3o que precisa da aprova\u00e7\u00e3o de 2\/3 da C\u00e2mara dos Deputados, o presidente da Casa Arthur Lira decidiu deixar para a pr\u00f3xima semana a aprecia\u00e7\u00e3o da chamada PEC do Desespero. \u00c9 a Proposta de Emenda Constitucional (PEC) que, em ano eleitoral, cria benef\u00edcios sociais para a parcela pobre da popula\u00e7\u00e3o e para algumas categorias profissionais. A base do presidente Jair Bolsonaro tenta aprovar a PEC o mais r\u00e1pido poss\u00edvel para que o Governo Federal possa iniciar o pagamento dos benef\u00edcios \u00e0s v\u00e9speras das elei\u00e7\u00f5es.<\/p>\n\n\n\n<p>A medidas previstas na PEC devem resultar em um gasto n\u00e3o previstos de R$ 41,2 bilh\u00f5es e exigir\u00e3o a decreta\u00e7\u00e3o de um &#8220;estado de emerg\u00eancia&#8221; no pa\u00eds a fim de contornar a legisla\u00e7\u00e3o, que pro\u00edbe a gera\u00e7\u00e3o de novas despesas em ano eleitoral.<\/p>\n\n\n\n<p>O deputado Nereu Crispim (PSD-RS), coordenador da Frente Parlamentar Mista em Defesa dos Caminhoneiros Aut\u00f4nomos e Celetistas, pediu ao Supremo Tribunal Federal a suspens\u00e3o da tramita\u00e7\u00e3o da Proposta de Emenda \u00e0 Constitui\u00e7\u00e3o (PEC) que concede uma s\u00e9rie de benef\u00edcios sociais \u00e0s v\u00e9speras das elei\u00e7\u00f5es. A a\u00e7\u00e3o foi distribu\u00edda ao ministro Andr\u00e9 Mendon\u00e7a.<\/p>\n\n\n\n<figure class=\"wp-block-image size-full\"><img loading=\"lazy\" decoding=\"async\" width=\"678\" height=\"452\" src=\"https:\/\/blogdorogeriogomes.com.br\/wp-content\/uploads\/2022\/07\/images-2022-07-07T195102.773.jpeg\" alt=\"\" class=\"wp-image-26008\" srcset=\"https:\/\/blogdorogeriogomes.com.br\/noticias\/wp-content\/uploads\/2022\/07\/images-2022-07-07T195102.773.jpeg 678w, https:\/\/blogdorogeriogomes.com.br\/noticias\/wp-content\/uploads\/2022\/07\/images-2022-07-07T195102.773-300x200.jpeg 300w\" sizes=\"auto, (max-width: 678px) 100vw, 678px\" \/><\/figure>\n","protected":false},"excerpt":{"rendered":"<p>Sem querer arriscar uma vota\u00e7\u00e3o que precisa da aprova\u00e7\u00e3o de 2\/3 da C\u00e2mara dos Deputados, o presidente da Casa Arthur Lira decidiu deixar para a pr\u00f3xima semana a aprecia\u00e7\u00e3o da chamada PEC do Desespero. \u00c9 a Proposta de Emenda Constitucional (PEC) que, em ano eleitoral, cria benef\u00edcios sociais para a parcela pobre da popula\u00e7\u00e3o e para algumas categorias profissionais. A base do presidente Jair Bolsonaro tenta aprovar a PEC o mais r\u00e1pido poss\u00edvel para que o Governo Federal possa&hellip;<\/p>\n","protected":false},"author":1,"featured_media":26008,"comment_status":"open","ping_status":"open","sticky":false,"template":"","format":"standard","meta":{"footnotes":""},"categories":[1],"tags":[],"class_list":["post-26007","post","type-post","status-publish","format-standard","has-post-thumbnail","hentry","category-noticias"],"_links":{"self":[{"href":"https:\/\/blogdorogeriogomes.com.br\/noticias\/wp-json\/wp\/v2\/posts\/26007","targetHints":{"allow":["GET"]}}],"collection":[{"href":"https:\/\/blogdorogeriogomes.com.br\/noticias\/wp-json\/wp\/v2\/posts"}],"about":[{"href":"https:\/\/blogdorogeriogomes.com.br\/noticias\/wp-json\/wp\/v2\/types\/post"}],"author":[{"embeddable":true,"href":"https:\/\/blogdorogeriogomes.com.br\/noticias\/wp-json\/wp\/v2\/users\/1"}],"replies":[{"embeddable":true,"href":"https:\/\/blogdorogeriogomes.com.br\/noticias\/wp-json\/wp\/v2\/comments?post=26007"}],"version-history":[{"count":1,"href":"https:\/\/blogdorogeriogomes.com.br\/noticias\/wp-json\/wp\/v2\/posts\/26007\/revisions"}],"predecessor-version":[{"id":26009,"href":"https:\/\/blogdorogeriogomes.com.br\/noticias\/wp-json\/wp\/v2\/posts\/26007\/revisions\/26009"}],"wp:featuredmedia":[{"embeddable":true,"href":"https:\/\/blogdorogeriogomes.com.br\/noticias\/wp-json\/wp\/v2\/media\/26008"}],"wp:attachment":[{"href":"https:\/\/blogdorogeriogomes.com.br\/noticias\/wp-json\/wp\/v2\/media?parent=26007"}],"wp:term":[{"taxonomy":"category","embeddable":true,"href":"https:\/\/blogdorogeriogomes.com.br\/noticias\/wp-json\/wp\/v2\/categories?post=26007"},{"taxonomy":"post_tag","embeddable":true,"href":"https:\/\/blogdorogeriogomes.com.br\/noticias\/wp-json\/wp\/v2\/tags?post=26007"}],"curies":[{"name":"wp","href":"https:\/\/api.w.org\/{rel}","templated":true}]}}