{"id":26010,"date":"2022-07-07T23:31:23","date_gmt":"2022-07-07T23:31:23","guid":{"rendered":"https:\/\/blogdorogeriogomes.com.br\/?p=26010"},"modified":"2022-07-11T13:07:22","modified_gmt":"2022-07-11T13:07:22","slug":"apos-resultado-de-pesquisa-izolda-cela-reafirma-desejo-de-concorrer-como-candidata-pdt-estima-definicao-ate-18-de-julho","status":"publish","type":"post","link":"https:\/\/blogdorogeriogomes.com.br\/noticias\/2022\/07\/apos-resultado-de-pesquisa-izolda-cela-reafirma-desejo-de-concorrer-como-candidata-pdt-estima-definicao-ate-18-de-julho\/","title":{"rendered":"Ap\u00f3s resultado de pesquisa, Izolda Cela reafirma desejo de concorrer \u00e0 reelei\u00e7\u00e3o. PDT estima defini\u00e7\u00e3o at\u00e9 18 de julho"},"content":{"rendered":"\n<p>Ap\u00f3s a divulga\u00e7\u00e3o do resultado da pesquisa Quaest para o Governo do Cear\u00e1, contratada pelo PDT, a governadora Izolda Cela reafirmou o desejo de concorrer \u00e0 reelei\u00e7\u00e3o. Os n\u00fameros divulgados refor\u00e7aram o acirramento interno entre os defensores da candidatura da governadora e do ex-prefeito de Fortaleza, Roberto Cl\u00e1udio, que est\u00e1 numericamente \u00e0 frente na pesquisa.&nbsp;<\/p>\n\n\n\n<p>&#8220;O prop\u00f3sito de colocar meu nome para continuar governando o Estado firma-se na responsabilidade e compromisso com nosso povo do Cear\u00e1. Coloco meu nome para unir. Sigo defendendo o respeito e o di\u00e1logo porque n\u00e3o se faz nada sozinho&#8221;, destacou a governadora Izolda Cela.<\/p>\n\n\n\n<p>A dire\u00e7\u00e3o do PDT estima que a chapa governista deve ser definida at\u00e9 o pr\u00f3ximo dia 18 de julho. Partidos aliados como PT, MDB, PSD e PP aguardam o resultado da escolha interna do PDT pra definirem o rumo a ser tomado no pleito de outubro. <br><\/p>\n\n\n\n<figure class=\"wp-block-image size-full\"><img loading=\"lazy\" decoding=\"async\" width=\"679\" height=\"452\" src=\"https:\/\/blogdorogeriogomes.com.br\/wp-content\/uploads\/2022\/07\/images-2022-07-07T201821.710.jpeg\" alt=\"\" class=\"wp-image-26011\" srcset=\"https:\/\/blogdorogeriogomes.com.br\/noticias\/wp-content\/uploads\/2022\/07\/images-2022-07-07T201821.710.jpeg 679w, https:\/\/blogdorogeriogomes.com.br\/noticias\/wp-content\/uploads\/2022\/07\/images-2022-07-07T201821.710-300x200.jpeg 300w\" sizes=\"auto, (max-width: 679px) 100vw, 679px\" \/><\/figure>\n\n\n\n<p><br><\/p>\n","protected":false},"excerpt":{"rendered":"<p>Ap\u00f3s a divulga\u00e7\u00e3o do resultado da pesquisa Quaest para o Governo do Cear\u00e1, contratada pelo PDT, a governadora Izolda Cela reafirmou o desejo de concorrer \u00e0 reelei\u00e7\u00e3o. Os n\u00fameros divulgados refor\u00e7aram o acirramento interno entre os defensores da candidatura da governadora e do ex-prefeito de Fortaleza, Roberto Cl\u00e1udio, que est\u00e1 numericamente \u00e0 frente na pesquisa.&nbsp; &#8220;O prop\u00f3sito de colocar meu nome para continuar governando o Estado firma-se na responsabilidade e compromisso com nosso povo do Cear\u00e1. Coloco meu nome&hellip;<\/p>\n","protected":false},"author":1,"featured_media":26011,"comment_status":"open","ping_status":"open","sticky":false,"template":"","format":"standard","meta":{"footnotes":""},"categories":[1],"tags":[],"class_list":["post-26010","post","type-post","status-publish","format-standard","has-post-thumbnail","hentry","category-noticias"],"_links":{"self":[{"href":"https:\/\/blogdorogeriogomes.com.br\/noticias\/wp-json\/wp\/v2\/posts\/26010","targetHints":{"allow":["GET"]}}],"collection":[{"href":"https:\/\/blogdorogeriogomes.com.br\/noticias\/wp-json\/wp\/v2\/posts"}],"about":[{"href":"https:\/\/blogdorogeriogomes.com.br\/noticias\/wp-json\/wp\/v2\/types\/post"}],"author":[{"embeddable":true,"href":"https:\/\/blogdorogeriogomes.com.br\/noticias\/wp-json\/wp\/v2\/users\/1"}],"replies":[{"embeddable":true,"href":"https:\/\/blogdorogeriogomes.com.br\/noticias\/wp-json\/wp\/v2\/comments?post=26010"}],"version-history":[{"count":2,"href":"https:\/\/blogdorogeriogomes.com.br\/noticias\/wp-json\/wp\/v2\/posts\/26010\/revisions"}],"predecessor-version":[{"id":26013,"href":"https:\/\/blogdorogeriogomes.com.br\/noticias\/wp-json\/wp\/v2\/posts\/26010\/revisions\/26013"}],"wp:featuredmedia":[{"embeddable":true,"href":"https:\/\/blogdorogeriogomes.com.br\/noticias\/wp-json\/wp\/v2\/media\/26011"}],"wp:attachment":[{"href":"https:\/\/blogdorogeriogomes.com.br\/noticias\/wp-json\/wp\/v2\/media?parent=26010"}],"wp:term":[{"taxonomy":"category","embeddable":true,"href":"https:\/\/blogdorogeriogomes.com.br\/noticias\/wp-json\/wp\/v2\/categories?post=26010"},{"taxonomy":"post_tag","embeddable":true,"href":"https:\/\/blogdorogeriogomes.com.br\/noticias\/wp-json\/wp\/v2\/tags?post=26010"}],"curies":[{"name":"wp","href":"https:\/\/api.w.org\/{rel}","templated":true}]}}