{"id":26014,"date":"2022-07-08T10:57:40","date_gmt":"2022-07-08T10:57:40","guid":{"rendered":"https:\/\/blogdorogeriogomes.com.br\/?p=26014"},"modified":"2022-07-11T13:06:55","modified_gmt":"2022-07-11T13:06:55","slug":"deputados-estaduais-se-reunem-com-ministerio-publico-do-ceara-para-discutir-acoes-de-descumprimento-da-enel","status":"publish","type":"post","link":"https:\/\/blogdorogeriogomes.com.br\/noticias\/2022\/07\/deputados-estaduais-se-reunem-com-ministerio-publico-do-ceara-para-discutir-acoes-de-descumprimento-da-enel\/","title":{"rendered":"Deputados estaduais se re\u00fanem com Minist\u00e9rio P\u00fablico do Cear\u00e1 para discutir a\u00e7\u00f5es de descumprimento da Enel"},"content":{"rendered":"\n<p>A Assembleia Legislativa do Cear\u00e1 criou uma comiss\u00e3o especial destinada \u00e0 an\u00e1lise do cumprimento das obriga\u00e7\u00f5es contidas no contrato de concess\u00e3o do servi\u00e7o p\u00fablico de distribui\u00e7\u00e3o de energia el\u00e9trica pela Enel Cear\u00e1, bem como das raz\u00f5es do reajuste tarif\u00e1rio de 24,88%, anunciado em abril de 2022. A comiss\u00e3o especial tem prazo de 60 dias para apresentar relat\u00f3rio, podendo ser prorrogado por mais 60 dias. Nesta quinta-feira, dia 7 de julho, deputados estaduais estiveram na sede do Minist\u00e9rio P\u00fablico do Cear\u00e1 para discutir a\u00e7\u00f5es de descumprimento da Enel.<\/p>\n\n\n\n<p>Segundo o deputado estadual Fernando Santana (PT), que preside a Comiss\u00e3o Especial da AL, a cada avan\u00e7o dos trabalhos s\u00e3o encontrados problemas na presta\u00e7\u00e3o de servi\u00e7o da distribuidora. Ele ressalta que a Enel \u00e9 uma das empresas campe\u00e3s de reclama\u00e7\u00f5es e de falta de resolu\u00e7\u00e3o dos problemas.<\/p>\n\n\n\n<p>O procurador-geral de Justi\u00e7a Manuel Pinheiro esclarece ainda que a Enel ser\u00e1 chamada para se manifestar sobre as quest\u00f5es levantadas, entre elas, o compromisso contratual que a empresa assumiu de investir 1% do seu faturamento l\u00edquido anual na amplia\u00e7\u00e3o da rede e em programas como o projeto S\u00e3o Jos\u00e9 e Projeto Luz no Campo.<\/p>\n\n\n\n<figure class=\"wp-block-image size-full\"><img loading=\"lazy\" decoding=\"async\" width=\"900\" height=\"600\" src=\"https:\/\/blogdorogeriogomes.com.br\/wp-content\/uploads\/2022\/07\/b2aea751a7abb840b1078d3703394339_XL.jpg\" alt=\"\" class=\"wp-image-26015\" srcset=\"https:\/\/blogdorogeriogomes.com.br\/noticias\/wp-content\/uploads\/2022\/07\/b2aea751a7abb840b1078d3703394339_XL.jpg 900w, https:\/\/blogdorogeriogomes.com.br\/noticias\/wp-content\/uploads\/2022\/07\/b2aea751a7abb840b1078d3703394339_XL-300x200.jpg 300w, https:\/\/blogdorogeriogomes.com.br\/noticias\/wp-content\/uploads\/2022\/07\/b2aea751a7abb840b1078d3703394339_XL-768x512.jpg 768w, https:\/\/blogdorogeriogomes.com.br\/noticias\/wp-content\/uploads\/2022\/07\/b2aea751a7abb840b1078d3703394339_XL-800x533.jpg 800w\" sizes=\"auto, (max-width: 900px) 100vw, 900px\" \/><\/figure>\n","protected":false},"excerpt":{"rendered":"<p>A Assembleia Legislativa do Cear\u00e1 criou uma comiss\u00e3o especial destinada \u00e0 an\u00e1lise do cumprimento das obriga\u00e7\u00f5es contidas no contrato de concess\u00e3o do servi\u00e7o p\u00fablico de distribui\u00e7\u00e3o de energia el\u00e9trica pela Enel Cear\u00e1, bem como das raz\u00f5es do reajuste tarif\u00e1rio de 24,88%, anunciado em abril de 2022. A comiss\u00e3o especial tem prazo de 60 dias para apresentar relat\u00f3rio, podendo ser prorrogado por mais 60 dias. Nesta quinta-feira, dia 7 de julho, deputados estaduais estiveram na sede do Minist\u00e9rio P\u00fablico do&hellip;<\/p>\n","protected":false},"author":1,"featured_media":26015,"comment_status":"open","ping_status":"open","sticky":false,"template":"","format":"standard","meta":{"footnotes":""},"categories":[1],"tags":[],"class_list":["post-26014","post","type-post","status-publish","format-standard","has-post-thumbnail","hentry","category-noticias"],"_links":{"self":[{"href":"https:\/\/blogdorogeriogomes.com.br\/noticias\/wp-json\/wp\/v2\/posts\/26014","targetHints":{"allow":["GET"]}}],"collection":[{"href":"https:\/\/blogdorogeriogomes.com.br\/noticias\/wp-json\/wp\/v2\/posts"}],"about":[{"href":"https:\/\/blogdorogeriogomes.com.br\/noticias\/wp-json\/wp\/v2\/types\/post"}],"author":[{"embeddable":true,"href":"https:\/\/blogdorogeriogomes.com.br\/noticias\/wp-json\/wp\/v2\/users\/1"}],"replies":[{"embeddable":true,"href":"https:\/\/blogdorogeriogomes.com.br\/noticias\/wp-json\/wp\/v2\/comments?post=26014"}],"version-history":[{"count":1,"href":"https:\/\/blogdorogeriogomes.com.br\/noticias\/wp-json\/wp\/v2\/posts\/26014\/revisions"}],"predecessor-version":[{"id":26016,"href":"https:\/\/blogdorogeriogomes.com.br\/noticias\/wp-json\/wp\/v2\/posts\/26014\/revisions\/26016"}],"wp:featuredmedia":[{"embeddable":true,"href":"https:\/\/blogdorogeriogomes.com.br\/noticias\/wp-json\/wp\/v2\/media\/26015"}],"wp:attachment":[{"href":"https:\/\/blogdorogeriogomes.com.br\/noticias\/wp-json\/wp\/v2\/media?parent=26014"}],"wp:term":[{"taxonomy":"category","embeddable":true,"href":"https:\/\/blogdorogeriogomes.com.br\/noticias\/wp-json\/wp\/v2\/categories?post=26014"},{"taxonomy":"post_tag","embeddable":true,"href":"https:\/\/blogdorogeriogomes.com.br\/noticias\/wp-json\/wp\/v2\/tags?post=26014"}],"curies":[{"name":"wp","href":"https:\/\/api.w.org\/{rel}","templated":true}]}}