{"id":26025,"date":"2022-07-08T23:04:32","date_gmt":"2022-07-08T23:04:32","guid":{"rendered":"https:\/\/blogdorogeriogomes.com.br\/?p=26025"},"modified":"2022-07-11T13:05:21","modified_gmt":"2022-07-11T13:05:21","slug":"expocrato-2022-comeca-neste-domingo-e-promete-movimentar-cerca-de-r-50-milhoes-em-negocios","status":"publish","type":"post","link":"https:\/\/blogdorogeriogomes.com.br\/noticias\/2022\/07\/expocrato-2022-comeca-neste-domingo-e-promete-movimentar-cerca-de-r-50-milhoes-em-negocios\/","title":{"rendered":"Expocrato 2022 come\u00e7a neste domingo e promete movimentar cerca de R$ 50 milh\u00f5es em neg\u00f3cios"},"content":{"rendered":"\n<p>Ap\u00f3s dois anos sem atividades devido \u00e0 pandemia da Covid-19, a Expocrato 2022 come\u00e7a neste domingo, dia 10 de julho, no Parque de Exposi\u00e7\u00f5es Pedro Fel\u00edcio Cavalcanti, no munic\u00edpio de Crato, na Regi\u00e3o do Cariri. A feira de neg\u00f3cios, que tamb\u00e9m envolve um festival de m\u00fasica com mais de 50 shows durante a semana, recebe visitantes de v\u00e1rios estados do Nordeste.<\/p>\n\n\n\n<p>S\u00e3o 78 anos de Expocrato. Este ano, os organizadores estimam uma movimenta\u00e7\u00e3o financeira superior a R$ 50 milh\u00f5es de reais em neg\u00f3cios. Pelo menos 500 animais estar\u00e3o em exposi\u00e7\u00e3o.<\/p>\n\n\n\n<p>No Festival Expocrato, mais de 50 artistas dos ritmos sertanejos, forr\u00f3 regional e eletr\u00f4nico, funk, pop, MPB, rock e m\u00fasica eletr\u00f4nica v\u00e3o movimentar todas as noites, de 10 a 17 de julho, uma estrutura com palcos, roda gigante, camarotes, lounge, e pra\u00e7a de alimenta\u00e7\u00e3o. Est\u00e3o confirmadas apresenta\u00e7\u00f5es de L\u00e9o Santana, Erasmo Carlos, Xand Avi\u00e3o, Ludmilla, Luisa Sonza, Nando Reis, Wesley Safad\u00e3o, Gusttavo Lima, Mari Fernandez, Jo\u00e3o Gomes, entre outros.<\/p>\n\n\n\n<p>A cerca de tr\u00eas meses das Elei\u00e7\u00f5es 2022, a Expocrato tamb\u00e9m deve ser palco de desfile de pol\u00edticos de todos os partidos que aproveitam a festa para fazer contato com suas bases eleitorais. Pr\u00e9-candidatos ao Governo do Estado t\u00eam presen\u00e7a certa no evento a partir deste domingo.<\/p>\n\n\n\n<figure class=\"wp-block-image size-full\"><img loading=\"lazy\" decoding=\"async\" width=\"984\" height=\"656\" src=\"https:\/\/blogdorogeriogomes.com.br\/wp-content\/uploads\/2022\/07\/foto-02.jpg\" alt=\"\" class=\"wp-image-26026\" srcset=\"https:\/\/blogdorogeriogomes.com.br\/noticias\/wp-content\/uploads\/2022\/07\/foto-02.jpg 984w, https:\/\/blogdorogeriogomes.com.br\/noticias\/wp-content\/uploads\/2022\/07\/foto-02-300x200.jpg 300w, https:\/\/blogdorogeriogomes.com.br\/noticias\/wp-content\/uploads\/2022\/07\/foto-02-768x512.jpg 768w, https:\/\/blogdorogeriogomes.com.br\/noticias\/wp-content\/uploads\/2022\/07\/foto-02-800x533.jpg 800w\" sizes=\"auto, (max-width: 984px) 100vw, 984px\" \/><\/figure>\n","protected":false},"excerpt":{"rendered":"<p>Ap\u00f3s dois anos sem atividades devido \u00e0 pandemia da Covid-19, a Expocrato 2022 come\u00e7a neste domingo, dia 10 de julho, no Parque de Exposi\u00e7\u00f5es Pedro Fel\u00edcio Cavalcanti, no munic\u00edpio de Crato, na Regi\u00e3o do Cariri. A feira de neg\u00f3cios, que tamb\u00e9m envolve um festival de m\u00fasica com mais de 50 shows durante a semana, recebe visitantes de v\u00e1rios estados do Nordeste. S\u00e3o 78 anos de Expocrato. Este ano, os organizadores estimam uma movimenta\u00e7\u00e3o financeira superior a R$ 50 milh\u00f5es&hellip;<\/p>\n","protected":false},"author":1,"featured_media":26026,"comment_status":"open","ping_status":"open","sticky":false,"template":"","format":"standard","meta":{"footnotes":""},"categories":[1],"tags":[],"class_list":["post-26025","post","type-post","status-publish","format-standard","has-post-thumbnail","hentry","category-noticias"],"_links":{"self":[{"href":"https:\/\/blogdorogeriogomes.com.br\/noticias\/wp-json\/wp\/v2\/posts\/26025","targetHints":{"allow":["GET"]}}],"collection":[{"href":"https:\/\/blogdorogeriogomes.com.br\/noticias\/wp-json\/wp\/v2\/posts"}],"about":[{"href":"https:\/\/blogdorogeriogomes.com.br\/noticias\/wp-json\/wp\/v2\/types\/post"}],"author":[{"embeddable":true,"href":"https:\/\/blogdorogeriogomes.com.br\/noticias\/wp-json\/wp\/v2\/users\/1"}],"replies":[{"embeddable":true,"href":"https:\/\/blogdorogeriogomes.com.br\/noticias\/wp-json\/wp\/v2\/comments?post=26025"}],"version-history":[{"count":1,"href":"https:\/\/blogdorogeriogomes.com.br\/noticias\/wp-json\/wp\/v2\/posts\/26025\/revisions"}],"predecessor-version":[{"id":26027,"href":"https:\/\/blogdorogeriogomes.com.br\/noticias\/wp-json\/wp\/v2\/posts\/26025\/revisions\/26027"}],"wp:featuredmedia":[{"embeddable":true,"href":"https:\/\/blogdorogeriogomes.com.br\/noticias\/wp-json\/wp\/v2\/media\/26026"}],"wp:attachment":[{"href":"https:\/\/blogdorogeriogomes.com.br\/noticias\/wp-json\/wp\/v2\/media?parent=26025"}],"wp:term":[{"taxonomy":"category","embeddable":true,"href":"https:\/\/blogdorogeriogomes.com.br\/noticias\/wp-json\/wp\/v2\/categories?post=26025"},{"taxonomy":"post_tag","embeddable":true,"href":"https:\/\/blogdorogeriogomes.com.br\/noticias\/wp-json\/wp\/v2\/tags?post=26025"}],"curies":[{"name":"wp","href":"https:\/\/api.w.org\/{rel}","templated":true}]}}