{"id":26028,"date":"2022-07-11T13:04:54","date_gmt":"2022-07-11T13:04:54","guid":{"rendered":"https:\/\/blogdorogeriogomes.com.br\/?p=26028"},"modified":"2022-07-11T13:09:46","modified_gmt":"2022-07-11T13:09:46","slug":"encontro-entre-camilo-santana-e-cid-gomes-tenta-costurar-acordo-para-impedir-rompimento-entre-pdt-e-pt","status":"publish","type":"post","link":"https:\/\/blogdorogeriogomes.com.br\/noticias\/2022\/07\/encontro-entre-camilo-santana-e-cid-gomes-tenta-costurar-acordo-para-impedir-rompimento-entre-pdt-e-pt\/","title":{"rendered":"Encontro entre Camilo Santana e Cid Gomes tenta costurar acordo para impedir rompimento entre PDT e PT"},"content":{"rendered":"\n<p>A semana come\u00e7a sob tens\u00e3o m\u00e1xima na novela que se transformou a defini\u00e7\u00e3o da chapa governista para as elei\u00e7\u00f5es estaduais no Cear\u00e1. Um encontro entre o ex-governador Camilo Santana (PT) e o senador Cid Gomes (PDT) \u00e9 aguardado para esta segunda-feira, dia 11 de julho, em Fortaleza. Aliados da governadora Izolda Cela (PDT) e do ex-prefeito Roberto Cl\u00e1udio (PDT) tem intensificado a troca de farpas pelas redes sociais, o que tem dificultado ainda mais um acordo em torno da defini\u00e7\u00e3o da chapa.<\/p>\n\n\n\n<p>Partidos aliados e deputados estaduais da base governistas lan\u00e7aram notas no fim de semana de apoio \u00e0 candidatura de Izolda Cela. J\u00e1 Roberto Cl\u00e1udio tem recebido manifesta\u00e7\u00f5es de apoio do prefeito de Fortaleza, Jos\u00e9 Sarto, do presidente da C\u00e2mara Municipal de Fortaleza, Ant\u00f4nio Henrique, e de vereadores da Capital.<\/p>\n\n\n\n<p>Diante do impasse est\u00e1 em jogo a manuten\u00e7\u00e3o da alian\u00e7a entre PT e PDT em n\u00edvel estadual. Camilo e Cid tem a miss\u00e3o de pacificar os \u00e2nimos, diminuir as tens\u00f5es pol\u00edticas e evitar rupturas que venham a enfraquecer a chapa governista diante da oposi\u00e7\u00e3o liderada por Capit\u00e3o Wagner (Uni\u00e3o Brasil).<\/p>\n\n\n\n<p>O ex-governador Camilo Santana tem demonstrado for\u00e7a pol\u00edtica pr\u00f3pria e n\u00e3o abre m\u00e3o de apoiar o ex-presidente Lula (PT) na disputa presidencial. O ex-ministro Ciro Gomes (PDT) tenta refor\u00e7ar seu discurso rumo ao Planalto com cr\u00edticas ao PT, mas v\u00ea a alian\u00e7a em n\u00edvel estadual sob risco. At\u00e9 a defini\u00e7\u00e3o do nome que encabe\u00e7ar\u00e1 a chapa pedetista, a ordem \u00e9 esfriar os \u00e2nimos e buscar um discurso de uni\u00e3o. Os l\u00edderes t\u00eam papel fundamental nesse processo.<\/p>\n\n\n\n<figure class=\"wp-block-image size-full\"><img loading=\"lazy\" decoding=\"async\" width=\"640\" height=\"480\" src=\"https:\/\/blogdorogeriogomes.com.br\/wp-content\/uploads\/2022\/07\/images-2022-07-11T094641.291.jpeg\" alt=\"\" class=\"wp-image-26029\" srcset=\"https:\/\/blogdorogeriogomes.com.br\/noticias\/wp-content\/uploads\/2022\/07\/images-2022-07-11T094641.291.jpeg 640w, https:\/\/blogdorogeriogomes.com.br\/noticias\/wp-content\/uploads\/2022\/07\/images-2022-07-11T094641.291-300x225.jpeg 300w, https:\/\/blogdorogeriogomes.com.br\/noticias\/wp-content\/uploads\/2022\/07\/images-2022-07-11T094641.291-400x300.jpeg 400w\" sizes=\"auto, (max-width: 640px) 100vw, 640px\" \/><\/figure>\n","protected":false},"excerpt":{"rendered":"<p>A semana come\u00e7a sob tens\u00e3o m\u00e1xima na novela que se transformou a defini\u00e7\u00e3o da chapa governista para as elei\u00e7\u00f5es estaduais no Cear\u00e1. Um encontro entre o ex-governador Camilo Santana (PT) e o senador Cid Gomes (PDT) \u00e9 aguardado para esta segunda-feira, dia 11 de julho, em Fortaleza. Aliados da governadora Izolda Cela (PDT) e do ex-prefeito Roberto Cl\u00e1udio (PDT) tem intensificado a troca de farpas pelas redes sociais, o que tem dificultado ainda mais um acordo em torno da&hellip;<\/p>\n","protected":false},"author":1,"featured_media":26029,"comment_status":"open","ping_status":"open","sticky":false,"template":"","format":"standard","meta":{"footnotes":""},"categories":[1],"tags":[],"class_list":["post-26028","post","type-post","status-publish","format-standard","has-post-thumbnail","hentry","category-noticias"],"_links":{"self":[{"href":"https:\/\/blogdorogeriogomes.com.br\/noticias\/wp-json\/wp\/v2\/posts\/26028","targetHints":{"allow":["GET"]}}],"collection":[{"href":"https:\/\/blogdorogeriogomes.com.br\/noticias\/wp-json\/wp\/v2\/posts"}],"about":[{"href":"https:\/\/blogdorogeriogomes.com.br\/noticias\/wp-json\/wp\/v2\/types\/post"}],"author":[{"embeddable":true,"href":"https:\/\/blogdorogeriogomes.com.br\/noticias\/wp-json\/wp\/v2\/users\/1"}],"replies":[{"embeddable":true,"href":"https:\/\/blogdorogeriogomes.com.br\/noticias\/wp-json\/wp\/v2\/comments?post=26028"}],"version-history":[{"count":1,"href":"https:\/\/blogdorogeriogomes.com.br\/noticias\/wp-json\/wp\/v2\/posts\/26028\/revisions"}],"predecessor-version":[{"id":26030,"href":"https:\/\/blogdorogeriogomes.com.br\/noticias\/wp-json\/wp\/v2\/posts\/26028\/revisions\/26030"}],"wp:featuredmedia":[{"embeddable":true,"href":"https:\/\/blogdorogeriogomes.com.br\/noticias\/wp-json\/wp\/v2\/media\/26029"}],"wp:attachment":[{"href":"https:\/\/blogdorogeriogomes.com.br\/noticias\/wp-json\/wp\/v2\/media?parent=26028"}],"wp:term":[{"taxonomy":"category","embeddable":true,"href":"https:\/\/blogdorogeriogomes.com.br\/noticias\/wp-json\/wp\/v2\/categories?post=26028"},{"taxonomy":"post_tag","embeddable":true,"href":"https:\/\/blogdorogeriogomes.com.br\/noticias\/wp-json\/wp\/v2\/tags?post=26028"}],"curies":[{"name":"wp","href":"https:\/\/api.w.org\/{rel}","templated":true}]}}