{"id":26031,"date":"2022-07-11T13:35:06","date_gmt":"2022-07-11T13:35:06","guid":{"rendered":"https:\/\/blogdorogeriogomes.com.br\/?p=26031"},"modified":"2022-07-12T10:52:36","modified_gmt":"2022-07-12T10:52:36","slug":"apos-crime-em-foz-de-iguacu-pre-candidatos-precisam-selar-um-acordo-por-paz-na-campanha-eleitoral","status":"publish","type":"post","link":"https:\/\/blogdorogeriogomes.com.br\/noticias\/2022\/07\/apos-crime-em-foz-de-iguacu-pre-candidatos-precisam-selar-um-acordo-por-paz-na-campanha-eleitoral\/","title":{"rendered":"Ap\u00f3s crime em Foz de Igua\u00e7u, pr\u00e9 -candidatos precisam selar um acordo por paz na campanha eleitoral"},"content":{"rendered":"\n<p>O assassinato de um militante do Partido dos Trabalhadores, em Foz do Igua\u00e7u, no fim de semana, por um bolsonarista mostra que a campanha eleitoral deste ano deve ser marcada por um n\u00edvel de viol\u00eancia in\u00e9dito no Pa\u00eds. A repercuss\u00e3o foi de indigna\u00e7\u00e3o pelo meio pol\u00edtico e pelos pr\u00e9-candidatos ao Pal\u00e1cio do Planalto. Dirigentes de v\u00e1rios partidos devem pedir uma audi\u00eancia no Minist\u00e9rio da Justi\u00e7a ainda nesta semana para cobrar mais refor\u00e7o na seguran\u00e7a da campanha eleitoral.<\/p>\n\n\n\n<p>Mas a manifesta\u00e7\u00e3o tamb\u00e9m deve partir dos pr\u00f3prios pr\u00e9-candidatos \u00e0 Presid\u00eancia da Rep\u00fablica. O discurso armamentista e de \u00f3dio a quem pensa diferente politicamente que \u00e9 adotado pelo presidente Jair Bolsonaro, todos os dias, s\u00f3 tem contribu\u00eddo para que extremistas cheguem &#8220;\u00e0s vias de fato&#8221; como aconteceu em Foz do Igua\u00e7u. Se comprometer com a Democracia \u00e9 adotar um discurso de paz, n\u00e3o de guerra ou de golpe.<\/p>\n\n\n\n<p>O crime de Foz do Igua\u00e7u certamente ter\u00e1 desdobramentos na campanha eleitoral. Infelizmente, \u00e9 necess\u00e1rio acontecer uma trag\u00e9dia para que o tema da viol\u00eancia pol\u00edtica e da intoler\u00e2ncia venha a chamar a aten\u00e7\u00e3o das autoridades p\u00fablicas. E, agora, tamb\u00e9m da Justi\u00e7a Eleitoral. <\/p>\n\n\n\n<p>Intolerantes que n\u00e3o respeitam o pensamento alheio e n\u00e3o sabem conviver democraticamente, devem ser punidos exemplarmente. E quem comete crime, precisa ser condenado e preso. <\/p>\n\n\n\n<figure class=\"wp-block-image size-full\"><img loading=\"lazy\" decoding=\"async\" width=\"514\" height=\"288\" src=\"https:\/\/blogdorogeriogomes.com.br\/wp-content\/uploads\/2022\/07\/images-2022-07-11T103312.814.jpeg\" alt=\"\" class=\"wp-image-26032\" srcset=\"https:\/\/blogdorogeriogomes.com.br\/noticias\/wp-content\/uploads\/2022\/07\/images-2022-07-11T103312.814.jpeg 514w, https:\/\/blogdorogeriogomes.com.br\/noticias\/wp-content\/uploads\/2022\/07\/images-2022-07-11T103312.814-300x168.jpeg 300w\" sizes=\"auto, (max-width: 514px) 100vw, 514px\" \/><\/figure>\n","protected":false},"excerpt":{"rendered":"<p>O assassinato de um militante do Partido dos Trabalhadores, em Foz do Igua\u00e7u, no fim de semana, por um bolsonarista mostra que a campanha eleitoral deste ano deve ser marcada por um n\u00edvel de viol\u00eancia in\u00e9dito no Pa\u00eds. A repercuss\u00e3o foi de indigna\u00e7\u00e3o pelo meio pol\u00edtico e pelos pr\u00e9-candidatos ao Pal\u00e1cio do Planalto. Dirigentes de v\u00e1rios partidos devem pedir uma audi\u00eancia no Minist\u00e9rio da Justi\u00e7a ainda nesta semana para cobrar mais refor\u00e7o na seguran\u00e7a da campanha eleitoral. Mas a&hellip;<\/p>\n","protected":false},"author":1,"featured_media":26032,"comment_status":"open","ping_status":"open","sticky":false,"template":"","format":"standard","meta":{"footnotes":""},"categories":[1],"tags":[],"class_list":["post-26031","post","type-post","status-publish","format-standard","has-post-thumbnail","hentry","category-noticias"],"_links":{"self":[{"href":"https:\/\/blogdorogeriogomes.com.br\/noticias\/wp-json\/wp\/v2\/posts\/26031","targetHints":{"allow":["GET"]}}],"collection":[{"href":"https:\/\/blogdorogeriogomes.com.br\/noticias\/wp-json\/wp\/v2\/posts"}],"about":[{"href":"https:\/\/blogdorogeriogomes.com.br\/noticias\/wp-json\/wp\/v2\/types\/post"}],"author":[{"embeddable":true,"href":"https:\/\/blogdorogeriogomes.com.br\/noticias\/wp-json\/wp\/v2\/users\/1"}],"replies":[{"embeddable":true,"href":"https:\/\/blogdorogeriogomes.com.br\/noticias\/wp-json\/wp\/v2\/comments?post=26031"}],"version-history":[{"count":1,"href":"https:\/\/blogdorogeriogomes.com.br\/noticias\/wp-json\/wp\/v2\/posts\/26031\/revisions"}],"predecessor-version":[{"id":26033,"href":"https:\/\/blogdorogeriogomes.com.br\/noticias\/wp-json\/wp\/v2\/posts\/26031\/revisions\/26033"}],"wp:featuredmedia":[{"embeddable":true,"href":"https:\/\/blogdorogeriogomes.com.br\/noticias\/wp-json\/wp\/v2\/media\/26032"}],"wp:attachment":[{"href":"https:\/\/blogdorogeriogomes.com.br\/noticias\/wp-json\/wp\/v2\/media?parent=26031"}],"wp:term":[{"taxonomy":"category","embeddable":true,"href":"https:\/\/blogdorogeriogomes.com.br\/noticias\/wp-json\/wp\/v2\/categories?post=26031"},{"taxonomy":"post_tag","embeddable":true,"href":"https:\/\/blogdorogeriogomes.com.br\/noticias\/wp-json\/wp\/v2\/tags?post=26031"}],"curies":[{"name":"wp","href":"https:\/\/api.w.org\/{rel}","templated":true}]}}