{"id":26034,"date":"2022-07-12T13:42:03","date_gmt":"2022-07-12T13:42:03","guid":{"rendered":"https:\/\/blogdorogeriogomes.com.br\/?p=26034"},"modified":"2022-07-12T13:42:05","modified_gmt":"2022-07-12T13:42:05","slug":"pre-candidata-do-psol-ao-governo-adelita-monteiro-se-reune-com-camilo-santana","status":"publish","type":"post","link":"https:\/\/blogdorogeriogomes.com.br\/noticias\/2022\/07\/pre-candidata-do-psol-ao-governo-adelita-monteiro-se-reune-com-camilo-santana\/","title":{"rendered":"Pr\u00e9-candidata do PSOL ao Governo, Adelita Monteiro, se re\u00fane com Camilo Santana"},"content":{"rendered":"\n<p>Em meio \u00e0s discuss\u00f5es da chapa governista ao Governo do Cear\u00e1, o ex-governador e pr\u00e9-candidato ao Senado, Camilo Santana (PT), se reuniu nesta segunda-feira, dia 11 de julho, com a pr\u00e9-candidata ao Governo do Estado pelo PSOL, Adelita Monteiro. &#8220;Conversamos sobre o cen\u00e1rio pol\u00edtico no Cear\u00e1 e no Brasil. O di\u00e1logo, com respeito e transpar\u00eancia, \u00e9 sempre muito importante&#8221;, destacou Camilo Santana.<\/p>\n\n\n\n<p>Adelita Monteiro, a exemplo de Camilo Santana, defende a pr\u00e9-candidatura de Lula (PT) \u00e0 Presid\u00eancia da Rep\u00fablica. Ela avalia que o atraso social promovido pelo Governo Bolsonaro tem de ser encerrado ainda em 2 de outubro, quando da vota\u00e7\u00e3o do 1\u00b0 turno das Elei\u00e7\u00f5es 2022.<\/p>\n\n\n\n<p>Nesta segunda-feira, o presidente estadual do PDT, Andr\u00e9 Figueiredo, voltou a refor\u00e7ar que Camilo Santana \u00e9 o nome a ser apoiado pelo partido ao Senado Federal, em outubro. &#8220;\u00c9 o nosso pr\u00e9-candidato ao Senado&#8221;, disse.<\/p>\n\n\n\n<figure class=\"wp-block-image size-large\"><img loading=\"lazy\" decoding=\"async\" width=\"1024\" height=\"768\" src=\"https:\/\/blogdorogeriogomes.com.br\/wp-content\/uploads\/2022\/07\/IMG-20220712-WA0005-1024x768.jpg\" alt=\"\" class=\"wp-image-26035\" srcset=\"https:\/\/blogdorogeriogomes.com.br\/noticias\/wp-content\/uploads\/2022\/07\/IMG-20220712-WA0005-1024x768.jpg 1024w, https:\/\/blogdorogeriogomes.com.br\/noticias\/wp-content\/uploads\/2022\/07\/IMG-20220712-WA0005-300x225.jpg 300w, https:\/\/blogdorogeriogomes.com.br\/noticias\/wp-content\/uploads\/2022\/07\/IMG-20220712-WA0005-768x576.jpg 768w, https:\/\/blogdorogeriogomes.com.br\/noticias\/wp-content\/uploads\/2022\/07\/IMG-20220712-WA0005-800x600.jpg 800w, https:\/\/blogdorogeriogomes.com.br\/noticias\/wp-content\/uploads\/2022\/07\/IMG-20220712-WA0005-400x300.jpg 400w, https:\/\/blogdorogeriogomes.com.br\/noticias\/wp-content\/uploads\/2022\/07\/IMG-20220712-WA0005.jpg 1280w\" sizes=\"auto, (max-width: 1024px) 100vw, 1024px\" \/><\/figure>\n","protected":false},"excerpt":{"rendered":"<p>Em meio \u00e0s discuss\u00f5es da chapa governista ao Governo do Cear\u00e1, o ex-governador e pr\u00e9-candidato ao Senado, Camilo Santana (PT), se reuniu nesta segunda-feira, dia 11 de julho, com a pr\u00e9-candidata ao Governo do Estado pelo PSOL, Adelita Monteiro. &#8220;Conversamos sobre o cen\u00e1rio pol\u00edtico no Cear\u00e1 e no Brasil. O di\u00e1logo, com respeito e transpar\u00eancia, \u00e9 sempre muito importante&#8221;, destacou Camilo Santana. Adelita Monteiro, a exemplo de Camilo Santana, defende a pr\u00e9-candidatura de Lula (PT) \u00e0 Presid\u00eancia da Rep\u00fablica.&hellip;<\/p>\n","protected":false},"author":1,"featured_media":0,"comment_status":"open","ping_status":"open","sticky":false,"template":"","format":"standard","meta":{"footnotes":""},"categories":[1],"tags":[],"class_list":["post-26034","post","type-post","status-publish","format-standard","hentry","category-noticias"],"_links":{"self":[{"href":"https:\/\/blogdorogeriogomes.com.br\/noticias\/wp-json\/wp\/v2\/posts\/26034","targetHints":{"allow":["GET"]}}],"collection":[{"href":"https:\/\/blogdorogeriogomes.com.br\/noticias\/wp-json\/wp\/v2\/posts"}],"about":[{"href":"https:\/\/blogdorogeriogomes.com.br\/noticias\/wp-json\/wp\/v2\/types\/post"}],"author":[{"embeddable":true,"href":"https:\/\/blogdorogeriogomes.com.br\/noticias\/wp-json\/wp\/v2\/users\/1"}],"replies":[{"embeddable":true,"href":"https:\/\/blogdorogeriogomes.com.br\/noticias\/wp-json\/wp\/v2\/comments?post=26034"}],"version-history":[{"count":1,"href":"https:\/\/blogdorogeriogomes.com.br\/noticias\/wp-json\/wp\/v2\/posts\/26034\/revisions"}],"predecessor-version":[{"id":26036,"href":"https:\/\/blogdorogeriogomes.com.br\/noticias\/wp-json\/wp\/v2\/posts\/26034\/revisions\/26036"}],"wp:attachment":[{"href":"https:\/\/blogdorogeriogomes.com.br\/noticias\/wp-json\/wp\/v2\/media?parent=26034"}],"wp:term":[{"taxonomy":"category","embeddable":true,"href":"https:\/\/blogdorogeriogomes.com.br\/noticias\/wp-json\/wp\/v2\/categories?post=26034"},{"taxonomy":"post_tag","embeddable":true,"href":"https:\/\/blogdorogeriogomes.com.br\/noticias\/wp-json\/wp\/v2\/tags?post=26034"}],"curies":[{"name":"wp","href":"https:\/\/api.w.org\/{rel}","templated":true}]}}