{"id":26037,"date":"2022-07-12T14:03:19","date_gmt":"2022-07-12T14:03:19","guid":{"rendered":"https:\/\/blogdorogeriogomes.com.br\/?p=26037"},"modified":"2022-07-19T21:04:42","modified_gmt":"2022-07-19T21:04:42","slug":"apos-encontro-com-deputados-do-partido-comando-do-pdt-quer-amenizar-troca-de-farpas-ate-definicao-da-chapa-governista-no-proximo-dia-18-de-julho","status":"publish","type":"post","link":"https:\/\/blogdorogeriogomes.com.br\/noticias\/2022\/07\/apos-encontro-com-deputados-do-partido-comando-do-pdt-quer-amenizar-troca-de-farpas-ate-definicao-da-chapa-governista-no-proximo-dia-18-de-julho\/","title":{"rendered":"Ap\u00f3s encontro com deputados do partido, comando do PDT quer amenizar troca de farpas at\u00e9 defini\u00e7\u00e3o da chapa governista no pr\u00f3ximo dia 18 de julho"},"content":{"rendered":"\n<p>A dire\u00e7\u00e3o do PDT no Cear\u00e1 reuniu na segunda-feira, dia 11 de julho, na sede do partido em Fortaleza, deputados estaduais e federais da legenda para discutir a crise em torno da defini\u00e7\u00e3o do nome que encabe\u00e7ar\u00e1 a chapa para concorrer ao Governo do Estado, em outubro. E um dos pedidos do presidente estadual do PDT, Andr\u00e9 Figueiredo, \u00e9 diminuir a tens\u00e3o interna que envolve aliados da atual governadora Izolda Cela e o ex-prefeito de Fortaleza, Roberto Cl\u00e1udio.<\/p>\n\n\n\n<p>Parlamentares simpatizantes \u00e0 candidatura de Izolda Cela assinaram manifesto em defesa da reelei\u00e7\u00e3o da pedetistas. Pelo menos 60 prefeitos do Cear\u00e1 tamb\u00e9m seguiram o mesmo caminho e defendem que a governadora seja o nome indicado pelo partido. Andr\u00e9 Figueiredo pediu que deputados e prefeitos evitem manifesta\u00e7\u00f5es p\u00fablicas at\u00e9 a defini\u00e7\u00e3o do diret\u00f3rio regional sobre a chapa governista.<\/p>\n\n\n\n<p>O discurso na reuni\u00e3o dos parlamentares pedetistas \u00e9 de busca de concilia\u00e7\u00e3o para evitar rompimento pol\u00edtico com partidos aliados. O ex-ministro Ciro Gomes esteve presente ao evento, que mais uma vez n\u00e3o teve a presen\u00e7a do irm\u00e3o, o senador Cid Gomes.<\/p>\n\n\n\n<p>Andr\u00e9 Figueiredo tem encontro marcado essa semana com o ex-governador Camilo Santana (PT). As articula\u00e7\u00f5es pol\u00edticas seguem at\u00e9 dia 18 de julho quando est\u00e1 marcado an\u00fancio da chapa de situa\u00e7\u00e3o que ir\u00e1 concorrer em outubro.<\/p>\n\n\n\n<figure class=\"wp-block-image size-full\"><img loading=\"lazy\" decoding=\"async\" width=\"739\" height=\"415\" src=\"https:\/\/blogdorogeriogomes.com.br\/wp-content\/uploads\/2022\/07\/images-2022-07-12T110055.093-1.jpeg\" alt=\"\" class=\"wp-image-26039\" srcset=\"https:\/\/blogdorogeriogomes.com.br\/noticias\/wp-content\/uploads\/2022\/07\/images-2022-07-12T110055.093-1.jpeg 739w, https:\/\/blogdorogeriogomes.com.br\/noticias\/wp-content\/uploads\/2022\/07\/images-2022-07-12T110055.093-1-300x168.jpeg 300w\" sizes=\"auto, (max-width: 739px) 100vw, 739px\" \/><\/figure>\n","protected":false},"excerpt":{"rendered":"<p>A dire\u00e7\u00e3o do PDT no Cear\u00e1 reuniu na segunda-feira, dia 11 de julho, na sede do partido em Fortaleza, deputados estaduais e federais da legenda para discutir a crise em torno da defini\u00e7\u00e3o do nome que encabe\u00e7ar\u00e1 a chapa para concorrer ao Governo do Estado, em outubro. E um dos pedidos do presidente estadual do PDT, Andr\u00e9 Figueiredo, \u00e9 diminuir a tens\u00e3o interna que envolve aliados da atual governadora Izolda Cela e o ex-prefeito de Fortaleza, Roberto Cl\u00e1udio. Parlamentares&hellip;<\/p>\n","protected":false},"author":1,"featured_media":26039,"comment_status":"open","ping_status":"open","sticky":false,"template":"","format":"standard","meta":{"footnotes":""},"categories":[1],"tags":[],"class_list":["post-26037","post","type-post","status-publish","format-standard","has-post-thumbnail","hentry","category-noticias"],"_links":{"self":[{"href":"https:\/\/blogdorogeriogomes.com.br\/noticias\/wp-json\/wp\/v2\/posts\/26037","targetHints":{"allow":["GET"]}}],"collection":[{"href":"https:\/\/blogdorogeriogomes.com.br\/noticias\/wp-json\/wp\/v2\/posts"}],"about":[{"href":"https:\/\/blogdorogeriogomes.com.br\/noticias\/wp-json\/wp\/v2\/types\/post"}],"author":[{"embeddable":true,"href":"https:\/\/blogdorogeriogomes.com.br\/noticias\/wp-json\/wp\/v2\/users\/1"}],"replies":[{"embeddable":true,"href":"https:\/\/blogdorogeriogomes.com.br\/noticias\/wp-json\/wp\/v2\/comments?post=26037"}],"version-history":[{"count":1,"href":"https:\/\/blogdorogeriogomes.com.br\/noticias\/wp-json\/wp\/v2\/posts\/26037\/revisions"}],"predecessor-version":[{"id":26040,"href":"https:\/\/blogdorogeriogomes.com.br\/noticias\/wp-json\/wp\/v2\/posts\/26037\/revisions\/26040"}],"wp:featuredmedia":[{"embeddable":true,"href":"https:\/\/blogdorogeriogomes.com.br\/noticias\/wp-json\/wp\/v2\/media\/26039"}],"wp:attachment":[{"href":"https:\/\/blogdorogeriogomes.com.br\/noticias\/wp-json\/wp\/v2\/media?parent=26037"}],"wp:term":[{"taxonomy":"category","embeddable":true,"href":"https:\/\/blogdorogeriogomes.com.br\/noticias\/wp-json\/wp\/v2\/categories?post=26037"},{"taxonomy":"post_tag","embeddable":true,"href":"https:\/\/blogdorogeriogomes.com.br\/noticias\/wp-json\/wp\/v2\/tags?post=26037"}],"curies":[{"name":"wp","href":"https:\/\/api.w.org\/{rel}","templated":true}]}}