{"id":26050,"date":"2022-07-14T22:58:34","date_gmt":"2022-07-14T22:58:34","guid":{"rendered":"https:\/\/blogdorogeriogomes.com.br\/?p=26050"},"modified":"2022-07-19T21:04:05","modified_gmt":"2022-07-19T21:04:05","slug":"assembleia-legislativa-encerra-os-trabalhos-nesta-sexta-feira-e-entra-em-recesso-evandro-leitao-faz-balanco-do-semestre","status":"publish","type":"post","link":"https:\/\/blogdorogeriogomes.com.br\/noticias\/2022\/07\/assembleia-legislativa-encerra-os-trabalhos-nesta-sexta-feira-e-entra-em-recesso-evandro-leitao-faz-balanco-do-semestre\/","title":{"rendered":"Assembleia Legislativa encerra os trabalhos nesta sexta-feira e entra em recesso. Evandro Leit\u00e3o faz balan\u00e7o do semestre"},"content":{"rendered":"\n<p>A Assembleia Legislativa do Cear\u00e1 realiza a \u00faltima sess\u00e3o nesta sexta-feira, dia 14 de julho, antes do recesso de julho. Os trabalhos s\u00f3 ser\u00e3o retomados em agosto, quando os deputados estaduais retornam, mas estar\u00e3o em plena campanha eleitoral. Muitos parlamentares estar\u00e3o em busca de renovar o mandato e devem dividir as sess\u00f5es com a campanha no interior do Estado.<\/p>\n\n\n\n<p>Nesta sexta-feira, o presidente da Assembleia Legislativa, Evandro Leit\u00e3o (PDT), vai fazer um balan\u00e7o sobre as atividades do semestre no Poder Legislativo.<\/p>\n\n\n\n<p>Evandro \u00e9 um dos pr\u00e9-candidatos do PDT ao Governo do Cear\u00e1 e tem participado ativamente das discuss\u00f5es internas sobre a defini\u00e7\u00e3o da chapa governista. A bancada do PDT na Assembleia, em sua maioria, tem se mostrado favor\u00e1vel \u00e0s reelei\u00e7\u00e3o da governadora Izolda Cela. <\/p>\n\n\n\n<p>O ex-prefeito de Fortaleza, Roberto Cl\u00e1udio, que tamb\u00e9m j\u00e1 foi presidente da Assembleia Legislativa, tamb\u00e9m se articula em busca de apoiadores para ser o indicado. O PDT promete para segunda-feira, dia 18 de julho, a indica\u00e7\u00e3o do nome que encabe\u00e7ar\u00e1 a chapa da situa\u00e7\u00e3o.<\/p>\n\n\n\n<figure class=\"wp-block-image size-large\"><img loading=\"lazy\" decoding=\"async\" width=\"1024\" height=\"682\" src=\"https:\/\/blogdorogeriogomes.com.br\/wp-content\/uploads\/2022\/07\/IMG-20220714-WA0050-1024x682.jpg\" alt=\"\" class=\"wp-image-26051\" srcset=\"https:\/\/blogdorogeriogomes.com.br\/noticias\/wp-content\/uploads\/2022\/07\/IMG-20220714-WA0050-1024x682.jpg 1024w, https:\/\/blogdorogeriogomes.com.br\/noticias\/wp-content\/uploads\/2022\/07\/IMG-20220714-WA0050-300x200.jpg 300w, https:\/\/blogdorogeriogomes.com.br\/noticias\/wp-content\/uploads\/2022\/07\/IMG-20220714-WA0050-768x512.jpg 768w, https:\/\/blogdorogeriogomes.com.br\/noticias\/wp-content\/uploads\/2022\/07\/IMG-20220714-WA0050-800x533.jpg 800w, https:\/\/blogdorogeriogomes.com.br\/noticias\/wp-content\/uploads\/2022\/07\/IMG-20220714-WA0050.jpg 1280w\" sizes=\"auto, (max-width: 1024px) 100vw, 1024px\" \/><\/figure>\n","protected":false},"excerpt":{"rendered":"<p>A Assembleia Legislativa do Cear\u00e1 realiza a \u00faltima sess\u00e3o nesta sexta-feira, dia 14 de julho, antes do recesso de julho. Os trabalhos s\u00f3 ser\u00e3o retomados em agosto, quando os deputados estaduais retornam, mas estar\u00e3o em plena campanha eleitoral. Muitos parlamentares estar\u00e3o em busca de renovar o mandato e devem dividir as sess\u00f5es com a campanha no interior do Estado. Nesta sexta-feira, o presidente da Assembleia Legislativa, Evandro Leit\u00e3o (PDT), vai fazer um balan\u00e7o sobre as atividades do semestre no&hellip;<\/p>\n","protected":false},"author":1,"featured_media":26051,"comment_status":"open","ping_status":"open","sticky":false,"template":"","format":"standard","meta":{"footnotes":""},"categories":[1],"tags":[],"class_list":["post-26050","post","type-post","status-publish","format-standard","has-post-thumbnail","hentry","category-noticias"],"_links":{"self":[{"href":"https:\/\/blogdorogeriogomes.com.br\/noticias\/wp-json\/wp\/v2\/posts\/26050","targetHints":{"allow":["GET"]}}],"collection":[{"href":"https:\/\/blogdorogeriogomes.com.br\/noticias\/wp-json\/wp\/v2\/posts"}],"about":[{"href":"https:\/\/blogdorogeriogomes.com.br\/noticias\/wp-json\/wp\/v2\/types\/post"}],"author":[{"embeddable":true,"href":"https:\/\/blogdorogeriogomes.com.br\/noticias\/wp-json\/wp\/v2\/users\/1"}],"replies":[{"embeddable":true,"href":"https:\/\/blogdorogeriogomes.com.br\/noticias\/wp-json\/wp\/v2\/comments?post=26050"}],"version-history":[{"count":1,"href":"https:\/\/blogdorogeriogomes.com.br\/noticias\/wp-json\/wp\/v2\/posts\/26050\/revisions"}],"predecessor-version":[{"id":26052,"href":"https:\/\/blogdorogeriogomes.com.br\/noticias\/wp-json\/wp\/v2\/posts\/26050\/revisions\/26052"}],"wp:featuredmedia":[{"embeddable":true,"href":"https:\/\/blogdorogeriogomes.com.br\/noticias\/wp-json\/wp\/v2\/media\/26051"}],"wp:attachment":[{"href":"https:\/\/blogdorogeriogomes.com.br\/noticias\/wp-json\/wp\/v2\/media?parent=26050"}],"wp:term":[{"taxonomy":"category","embeddable":true,"href":"https:\/\/blogdorogeriogomes.com.br\/noticias\/wp-json\/wp\/v2\/categories?post=26050"},{"taxonomy":"post_tag","embeddable":true,"href":"https:\/\/blogdorogeriogomes.com.br\/noticias\/wp-json\/wp\/v2\/tags?post=26050"}],"curies":[{"name":"wp","href":"https:\/\/api.w.org\/{rel}","templated":true}]}}