{"id":26059,"date":"2022-07-15T11:15:43","date_gmt":"2022-07-15T11:15:43","guid":{"rendered":"https:\/\/blogdorogeriogomes.com.br\/?p=26059"},"modified":"2022-07-19T21:03:35","modified_gmt":"2022-07-19T21:03:35","slug":"sesa-aguarda-orientacao-do-ministerio-da-saude-para-iniciar-vacinacao-de-criancas-entre-3-e-5-anos-contra-covid","status":"publish","type":"post","link":"https:\/\/blogdorogeriogomes.com.br\/noticias\/2022\/07\/sesa-aguarda-orientacao-do-ministerio-da-saude-para-iniciar-vacinacao-de-criancas-entre-3-e-5-anos-contra-covid\/","title":{"rendered":"Sesa aguarda orienta\u00e7\u00e3o do Minist\u00e9rio da Sa\u00fade para iniciar vacina\u00e7\u00e3o de crian\u00e7as entre 3 e 5 anos contra Covid"},"content":{"rendered":"\n<p>A Secretaria de Sa\u00fade do Cear\u00e1 aguarda defini\u00e7\u00f5es do Minist\u00e9rio da Sa\u00fade, por meio do Programa Nacional de Imuniza\u00e7\u00f5es (PNI), sobre como ser\u00e1 feita a vacina\u00e7\u00e3o contra a Covid-19 em crian\u00e7as de 3 a 5 anos.<\/p>\n\n\n\n<p>A vacina CoronaVac, produzida pelo Instituto Butantan, est\u00e1 liberada para crian\u00e7as a partir de 3 anos. Ela poder\u00e1 ser aplicada em imunossuprimidos, que s\u00e3o pessoas com baixa imunidade. A imuniza\u00e7\u00e3o ser\u00e1 em duas doses aplicadas em intervalo de 28 dias. A vacina \u00e9 a mesma usada em adultos, sem adapta\u00e7\u00e3o de vers\u00e3o pedi\u00e1trica.<\/p>\n\n\n\n<p>A Ag\u00eancia Nacional de Vigil\u00e2ncia Sanit\u00e1ria (Anvisa) n\u00e3o determinou quando come\u00e7a a vacina\u00e7\u00e3o: distribui\u00e7\u00e3o de doses, cronograma e altera\u00e7\u00e3o de planos dependem dos estados e do Minist\u00e9rio da Sa\u00fade.<\/p>\n\n\n\n<figure class=\"wp-block-image size-full\"><img loading=\"lazy\" decoding=\"async\" width=\"716\" height=\"428\" src=\"https:\/\/blogdorogeriogomes.com.br\/wp-content\/uploads\/2022\/07\/images-2022-07-15T081406.736.jpeg\" alt=\"\" class=\"wp-image-26060\" srcset=\"https:\/\/blogdorogeriogomes.com.br\/noticias\/wp-content\/uploads\/2022\/07\/images-2022-07-15T081406.736.jpeg 716w, https:\/\/blogdorogeriogomes.com.br\/noticias\/wp-content\/uploads\/2022\/07\/images-2022-07-15T081406.736-300x179.jpeg 300w\" sizes=\"auto, (max-width: 716px) 100vw, 716px\" \/><\/figure>\n","protected":false},"excerpt":{"rendered":"<p>A Secretaria de Sa\u00fade do Cear\u00e1 aguarda defini\u00e7\u00f5es do Minist\u00e9rio da Sa\u00fade, por meio do Programa Nacional de Imuniza\u00e7\u00f5es (PNI), sobre como ser\u00e1 feita a vacina\u00e7\u00e3o contra a Covid-19 em crian\u00e7as de 3 a 5 anos. A vacina CoronaVac, produzida pelo Instituto Butantan, est\u00e1 liberada para crian\u00e7as a partir de 3 anos. Ela poder\u00e1 ser aplicada em imunossuprimidos, que s\u00e3o pessoas com baixa imunidade. A imuniza\u00e7\u00e3o ser\u00e1 em duas doses aplicadas em intervalo de 28 dias. A vacina \u00e9&hellip;<\/p>\n","protected":false},"author":1,"featured_media":26060,"comment_status":"open","ping_status":"open","sticky":false,"template":"","format":"standard","meta":{"footnotes":""},"categories":[1],"tags":[],"class_list":["post-26059","post","type-post","status-publish","format-standard","has-post-thumbnail","hentry","category-noticias"],"_links":{"self":[{"href":"https:\/\/blogdorogeriogomes.com.br\/noticias\/wp-json\/wp\/v2\/posts\/26059","targetHints":{"allow":["GET"]}}],"collection":[{"href":"https:\/\/blogdorogeriogomes.com.br\/noticias\/wp-json\/wp\/v2\/posts"}],"about":[{"href":"https:\/\/blogdorogeriogomes.com.br\/noticias\/wp-json\/wp\/v2\/types\/post"}],"author":[{"embeddable":true,"href":"https:\/\/blogdorogeriogomes.com.br\/noticias\/wp-json\/wp\/v2\/users\/1"}],"replies":[{"embeddable":true,"href":"https:\/\/blogdorogeriogomes.com.br\/noticias\/wp-json\/wp\/v2\/comments?post=26059"}],"version-history":[{"count":1,"href":"https:\/\/blogdorogeriogomes.com.br\/noticias\/wp-json\/wp\/v2\/posts\/26059\/revisions"}],"predecessor-version":[{"id":26061,"href":"https:\/\/blogdorogeriogomes.com.br\/noticias\/wp-json\/wp\/v2\/posts\/26059\/revisions\/26061"}],"wp:featuredmedia":[{"embeddable":true,"href":"https:\/\/blogdorogeriogomes.com.br\/noticias\/wp-json\/wp\/v2\/media\/26060"}],"wp:attachment":[{"href":"https:\/\/blogdorogeriogomes.com.br\/noticias\/wp-json\/wp\/v2\/media?parent=26059"}],"wp:term":[{"taxonomy":"category","embeddable":true,"href":"https:\/\/blogdorogeriogomes.com.br\/noticias\/wp-json\/wp\/v2\/categories?post=26059"},{"taxonomy":"post_tag","embeddable":true,"href":"https:\/\/blogdorogeriogomes.com.br\/noticias\/wp-json\/wp\/v2\/tags?post=26059"}],"curies":[{"name":"wp","href":"https:\/\/api.w.org\/{rel}","templated":true}]}}