{"id":26065,"date":"2022-07-15T13:34:45","date_gmt":"2022-07-15T13:34:45","guid":{"rendered":"https:\/\/blogdorogeriogomes.com.br\/?p=26065"},"modified":"2022-07-19T21:03:15","modified_gmt":"2022-07-19T21:03:15","slug":"centro-de-eventos-do-ceara-recebe-campanha-de-adocao-animal-durante-realizacao-do-sana-2022","status":"publish","type":"post","link":"https:\/\/blogdorogeriogomes.com.br\/noticias\/2022\/07\/centro-de-eventos-do-ceara-recebe-campanha-de-adocao-animal-durante-realizacao-do-sana-2022\/","title":{"rendered":"Centro de Eventos do Cear\u00e1 recebe campanha de ado\u00e7\u00e3o animal durante realiza\u00e7\u00e3o do Sana 2022"},"content":{"rendered":"\n<p>Uma grande campanha de ado\u00e7\u00e3o animal vai acontecer no Centro de Eventos do Cear\u00e1, em Fortaleza, durante a realiza\u00e7\u00e3o do Sana 2022, que \u00e9 o maior evento de cultura geek do Norte\/Nordeste, nos dias 15, 16 e 17 de julho. Um evento exclusivo, com o objetivo de promover a ado\u00e7\u00e3o consciente e respons\u00e1vel de animais resgatados por sete ONGs \u2013 Organiza\u00e7\u00f5es N\u00e3o Governamentais , al\u00e9m dos protetores independentes de Fortaleza e Regi\u00e3o Metropolitana.<\/p>\n\n\n\n<p>De acordo com Felipe Ribeiro, idealizador do projeto, a primeira edi\u00e7\u00e3o foi um sucesso. Ocorreu em 2019, antes da primeira onda de pandemia e teve 53 animais adotados e doa\u00e7\u00e3o de uma tonelada de ra\u00e7\u00e3o.\u201cTemos o diferencial de ser o \u00fanico evento de ado\u00e7\u00e3o com veterin\u00e1rio no local e que entrega os animais vacinados, vermifugados, microchipados e com garantia de castra\u00e7\u00e3o. Em tamanho e em n\u00famero de animais adotados, \u00e9 o maior evento de ado\u00e7\u00e3o do estado e isso tudo gra\u00e7as a parcerias com ONGs, apoiadores, COEPA e patrocinadores como Dec Vet, Serrana e Bichomania&#8221;, disse.<\/p>\n\n\n\n<p>Para a presidente da ONG ABRACE \u2013 Uma Causa Animal, Cristiane Ang\u00e9lica, o Sana \u00e9 um grande evento, que d\u00e1 oportunidade a diversos animais de terem uma nova fam\u00edlia e tamb\u00e9m para que ONGs e protetores independentes tenham mais visibilidade atrav\u00e9s do alcance desse evento. \u201cA Bichomania e o Felipe s\u00e3o muito importantes para a causa animal, porque mostram que o empres\u00e1rio tamb\u00e9m pode ter o lado solid\u00e1rio e fazer o bem para os animais, atrav\u00e9s de eventos como esse. Porque al\u00e9m das ado\u00e7\u00f5es, ter\u00e1 a doa\u00e7\u00e3o de ra\u00e7\u00f5es e visibilidade para as ONGs ficarem conhecidas\u201d, afirmou.<\/p>\n\n\n\n<p>As ONGs que ir\u00e3o participar do evento s\u00e3o: Causa Pet, Abrace, Abrigo S\u00e3o L\u00e1zaro, Abrigo da Estela, AUCA, Upac, Bola de Pelo e alguns protetores independentes. Para adotar \u00e9 necess\u00e1rio: ser maior que 21 anos, ter emprego remunerado, endere\u00e7o fixo, concordar com as regras de ado\u00e7\u00e3o, passar na entrevista, assinar o Termo de Ado\u00e7\u00e3o, apresentar RG, CPF e comprovante de endere\u00e7o.<\/p>\n\n\n\n<figure class=\"wp-block-image size-large\"><img loading=\"lazy\" decoding=\"async\" width=\"1024\" height=\"768\" src=\"https:\/\/blogdorogeriogomes.com.br\/wp-content\/uploads\/2022\/07\/IMG-20220714-WA0058-1024x768.jpg\" alt=\"\" class=\"wp-image-26066\" srcset=\"https:\/\/blogdorogeriogomes.com.br\/noticias\/wp-content\/uploads\/2022\/07\/IMG-20220714-WA0058-1024x768.jpg 1024w, https:\/\/blogdorogeriogomes.com.br\/noticias\/wp-content\/uploads\/2022\/07\/IMG-20220714-WA0058-300x225.jpg 300w, https:\/\/blogdorogeriogomes.com.br\/noticias\/wp-content\/uploads\/2022\/07\/IMG-20220714-WA0058-768x576.jpg 768w, https:\/\/blogdorogeriogomes.com.br\/noticias\/wp-content\/uploads\/2022\/07\/IMG-20220714-WA0058-1536x1152.jpg 1536w, https:\/\/blogdorogeriogomes.com.br\/noticias\/wp-content\/uploads\/2022\/07\/IMG-20220714-WA0058-800x600.jpg 800w, https:\/\/blogdorogeriogomes.com.br\/noticias\/wp-content\/uploads\/2022\/07\/IMG-20220714-WA0058-400x300.jpg 400w, https:\/\/blogdorogeriogomes.com.br\/noticias\/wp-content\/uploads\/2022\/07\/IMG-20220714-WA0058.jpg 1600w\" sizes=\"auto, (max-width: 1024px) 100vw, 1024px\" \/><\/figure>\n","protected":false},"excerpt":{"rendered":"<p>Uma grande campanha de ado\u00e7\u00e3o animal vai acontecer no Centro de Eventos do Cear\u00e1, em Fortaleza, durante a realiza\u00e7\u00e3o do Sana 2022, que \u00e9 o maior evento de cultura geek do Norte\/Nordeste, nos dias 15, 16 e 17 de julho. Um evento exclusivo, com o objetivo de promover a ado\u00e7\u00e3o consciente e respons\u00e1vel de animais resgatados por sete ONGs \u2013 Organiza\u00e7\u00f5es N\u00e3o Governamentais , al\u00e9m dos protetores independentes de Fortaleza e Regi\u00e3o Metropolitana. De acordo com Felipe Ribeiro, idealizador&hellip;<\/p>\n","protected":false},"author":1,"featured_media":26066,"comment_status":"open","ping_status":"open","sticky":false,"template":"","format":"standard","meta":{"footnotes":""},"categories":[1],"tags":[],"class_list":["post-26065","post","type-post","status-publish","format-standard","has-post-thumbnail","hentry","category-noticias"],"_links":{"self":[{"href":"https:\/\/blogdorogeriogomes.com.br\/noticias\/wp-json\/wp\/v2\/posts\/26065","targetHints":{"allow":["GET"]}}],"collection":[{"href":"https:\/\/blogdorogeriogomes.com.br\/noticias\/wp-json\/wp\/v2\/posts"}],"about":[{"href":"https:\/\/blogdorogeriogomes.com.br\/noticias\/wp-json\/wp\/v2\/types\/post"}],"author":[{"embeddable":true,"href":"https:\/\/blogdorogeriogomes.com.br\/noticias\/wp-json\/wp\/v2\/users\/1"}],"replies":[{"embeddable":true,"href":"https:\/\/blogdorogeriogomes.com.br\/noticias\/wp-json\/wp\/v2\/comments?post=26065"}],"version-history":[{"count":1,"href":"https:\/\/blogdorogeriogomes.com.br\/noticias\/wp-json\/wp\/v2\/posts\/26065\/revisions"}],"predecessor-version":[{"id":26067,"href":"https:\/\/blogdorogeriogomes.com.br\/noticias\/wp-json\/wp\/v2\/posts\/26065\/revisions\/26067"}],"wp:featuredmedia":[{"embeddable":true,"href":"https:\/\/blogdorogeriogomes.com.br\/noticias\/wp-json\/wp\/v2\/media\/26066"}],"wp:attachment":[{"href":"https:\/\/blogdorogeriogomes.com.br\/noticias\/wp-json\/wp\/v2\/media?parent=26065"}],"wp:term":[{"taxonomy":"category","embeddable":true,"href":"https:\/\/blogdorogeriogomes.com.br\/noticias\/wp-json\/wp\/v2\/categories?post=26065"},{"taxonomy":"post_tag","embeddable":true,"href":"https:\/\/blogdorogeriogomes.com.br\/noticias\/wp-json\/wp\/v2\/tags?post=26065"}],"curies":[{"name":"wp","href":"https:\/\/api.w.org\/{rel}","templated":true}]}}