{"id":26068,"date":"2022-07-15T13:47:51","date_gmt":"2022-07-15T13:47:51","guid":{"rendered":"https:\/\/blogdorogeriogomes.com.br\/?p=26068"},"modified":"2022-07-19T21:03:05","modified_gmt":"2022-07-19T21:03:05","slug":"gincana-ceara-cultural-movimenta-sao-goncalo-do-amarante-no-fim-de-julho","status":"publish","type":"post","link":"https:\/\/blogdorogeriogomes.com.br\/noticias\/2022\/07\/gincana-ceara-cultural-movimenta-sao-goncalo-do-amarante-no-fim-de-julho\/","title":{"rendered":"Gincana Cear\u00e1 Cultural movimenta S\u00e3o Gon\u00e7alo do Amarante no fim de julho"},"content":{"rendered":"\n<p>A nona edi\u00e7\u00e3o da Gincana Cear\u00e1 Cultural vai movimentar o munic\u00edpio de S\u00e3o Gon\u00e7alo do Amarante entre os dias 29 e 31 de julho. O evento debater\u00e1 v\u00e1rios temas, com destaque para a cultura negra e hist\u00f3rias de brasileiros consagrados mundo afora. Com premia\u00e7\u00e3o total de mais de R$ 7 mil, a programa\u00e7\u00e3o do evento conta com shows, performances, al\u00e9m de provas de competi\u00e7\u00e3o<\/p>\n\n\n\n<p>A Gincana Cear\u00e1 Cultural, projeto que re\u00fane dan\u00e7a, teatro, m\u00fasica, performances, al\u00e9m de provas esportivas e de conhecimentos gerais, numa grande maratona de competi\u00e7\u00f5es, est\u00e1 de volta ao calend\u00e1rio de eventos do munic\u00edpio de S\u00e3o Gon\u00e7alo do Amarante, na Regi\u00e3o Metropolitana de Fortaleza. A a\u00e7\u00e3o cultural chega em diversos polos da cidade, movimentando as f\u00e9rias do meio do ano. A organiza\u00e7\u00e3o da Gincana preparou uma programa\u00e7\u00e3o din\u00e2mica com v\u00e1rios acontecimentos ao longo do m\u00eas de julho, envolvendo oficinas e webin\u00e1rio.<\/p>\n\n\n\n<p>Desde 2013, a Gincana mobiliza jovens estudantes, profissionais, produtores culturais, moradores e turistas, por meio de desafios que t\u00eam por base temas relacionados \u00e0 arte, \u00e0 cultura e \u00e0 hist\u00f3ria local e geral. A competi\u00e7\u00e3o busca estimular a participa\u00e7\u00e3o da sociedade de forma a despertar a cidadania e valores humanit\u00e1rios. \u201c\u00c9 um momento rico de viv\u00eancias em que gincaneiros e p\u00fablico s\u00e3o desafiados a pesquisar hist\u00f3rias e enredos, experimentar, ensaiar, produzir e apresentar n\u00fameros art\u00edsticos, estruturar desfiles e carros aleg\u00f3ricos, identificar e capturar objetos, envolver institui\u00e7\u00f5es, paisagens, pessoas e lugares relacionados ao patrim\u00f4nio cultural e natural da cidade\u201d, comentou M\u00f4nica Lima, coordenadora geral da Gincana.<br>O momento mais esperado da Gincana \u00e9 o tradicional Baile Cultural \u2013 tamb\u00e9m conhecido como a \u201cTarefa Musical\u201d e principal prova da disputa, que acontece na sexta-feira (29 de julho). De forma democr\u00e1tica e com perspectiva de extrair o m\u00e1ximo da criatividade, os participantes da IX Gincana Cear\u00e1 Cultural possuem total liberdade na elabora\u00e7\u00e3o do show de apresenta\u00e7\u00e3o das equipes. Deste modo, os grupos criam um musical relatando hist\u00f3rias, acontecimentos e ou personagens dentro do tema \u201cO Brasil Preto que Canta por Socorro\u201d. O Baile acontecer\u00e1 \u00e0s 19h, no Gin\u00e1sio Waldemar Alc\u00e2ntara, que fica no Centro de S\u00e3o Gon\u00e7alo.<\/p>\n\n\n\n<p>O tema deste ano prop\u00f5e questionamentos sobre os 300 anos de escravid\u00e3o no Brasil, mesmo ap\u00f3s a \u201caboli\u00e7\u00e3o dos povos escravizados\u201d, devido \u00e0 assinatura da Lei \u00c1urea. O que pode ser observado, ao longo da hist\u00f3ria, com o processo de eugenia (embranquecimento da popula\u00e7\u00e3o) promovido em terras brazilis, quando a popula\u00e7\u00e3o preta foi abandonada e jogada \u00e0 pr\u00f3pria sorte, enquanto se concediam incentivos a europeus, sobretudo italianos, que demonstrassem interesse em viver no Brasil.<\/p>\n\n\n\n<p>No s\u00e1bado (30 de julho), a cidade acorda com a movimenta\u00e7\u00e3o da prova do Cortejo, que este ano apresenta como tema \u201cSucesso Brasil afora\u201d. Para o cumprimento desta tarefa, as equipes precisam elaborar um desfile tem\u00e1tico, trazendo para a avenida algumas alas representando celebridades brasileiras que ganharam proje\u00e7\u00e3o internacional na m\u00fasica, no cinema e no esporte. Durante o cortejo, os jurados avaliam aspectos t\u00e9cnicos e a desenvoltura de cada grupo. O trajeto do desfile acontece a partir das 8 horas, na Rua Coronel Neco Martins, com in\u00edcio em frente \u00e0 rodovi\u00e1ria e finalizando na Pra\u00e7a da Matriz.<\/p>\n\n\n\n<p>Outra tarefa importante e que vale muitos pontos \u00e9 a \u201cEu Vou te Amar\u201d, que consiste na produ\u00e7\u00e3o de um clipe musical de 3 a 4 minutos, baseado na m\u00fasica \u201cIdiota\u201d do cantor J\u00e3o. A prova exigir\u00e1 muita pesquisa dos participantes tendo em vista que o clipe passeia por refer\u00eancias de casais memor\u00e1veis no entretenimento mundial e brasileiro, tais como: &#8220;Homem Aranha&#8221;, &#8220;Dona Flor e Seus Dois Maridos&#8221;, Ayrton Senna e Xuxa, &#8220;Brokeback Mountain&#8221;, &#8220;10 Coisas Que Eu Odeio em Voc\u00ea&#8221; e at\u00e9 &#8220;Titanic&#8221;.<\/p>\n\n\n\n<p>Ainda no clima das provas, os participantes dever\u00e3o produzir uma webs\u00e9rie de tr\u00eas v\u00eddeos de 02 a 05 minutos cada, para homenagear as mulheres de S\u00e3o Gon\u00e7alo. \u201cMulheres de Energia\u201d \u00e9 uma tarefa para dar visibilidade \u00e0quelas que trazem energia durante a gincana e s\u00e3o pe\u00e7as fundamentais para as equipes, podendo estar inscritas ou n\u00e3o na competi\u00e7\u00e3o. Os v\u00eddeos devem abordar a hist\u00f3ria e como contribuem com as equipes durante a gincana.<\/p>\n\n\n\n<p>O encerramento do evento ocorrer\u00e1 no domingo (31 de julho) e contar\u00e1 com a apresenta\u00e7\u00e3o da Cia Cordapes, shows de bandas locais e a entrega da premia\u00e7\u00e3o com o resultado da equipe campe\u00e3 da IX Gincana.<\/p>\n\n\n\n<p>Este ano, a Gincana Cultural conta com a participa\u00e7\u00e3o de tr\u00eas equipes compostas por aproximadamente 150 integrantes, cada. Totalizando 2.000 participantes, entre gincaneiros e expectadores, ultrapassando o sucesso da edi\u00e7\u00e3o anterior.<\/p>\n\n\n\n<p>A Gincana Cultural oferece R$ 7.700,00 como premia\u00e7\u00e3o total aos vencedores, sendo R$ 4.000,00 (primeira colocada); R$ 2.000,00 (segunda colocada); R$ 1.500,00 (terceira colocada); e R$ 200,00 (Rainha &#8211; 1\u00ba lugar).<\/p>\n\n\n\n<figure class=\"wp-block-image size-large\"><img loading=\"lazy\" decoding=\"async\" width=\"1024\" height=\"682\" src=\"https:\/\/blogdorogeriogomes.com.br\/wp-content\/uploads\/2022\/07\/IMG-20220715-WA0038-1024x682.jpg\" alt=\"\" class=\"wp-image-26069\" srcset=\"https:\/\/blogdorogeriogomes.com.br\/noticias\/wp-content\/uploads\/2022\/07\/IMG-20220715-WA0038-1024x682.jpg 1024w, https:\/\/blogdorogeriogomes.com.br\/noticias\/wp-content\/uploads\/2022\/07\/IMG-20220715-WA0038-300x200.jpg 300w, https:\/\/blogdorogeriogomes.com.br\/noticias\/wp-content\/uploads\/2022\/07\/IMG-20220715-WA0038-768x512.jpg 768w, https:\/\/blogdorogeriogomes.com.br\/noticias\/wp-content\/uploads\/2022\/07\/IMG-20220715-WA0038-800x533.jpg 800w, https:\/\/blogdorogeriogomes.com.br\/noticias\/wp-content\/uploads\/2022\/07\/IMG-20220715-WA0038.jpg 1280w\" sizes=\"auto, (max-width: 1024px) 100vw, 1024px\" \/><\/figure>\n\n\n\n<p><\/p>\n","protected":false},"excerpt":{"rendered":"<p>A nona edi\u00e7\u00e3o da Gincana Cear\u00e1 Cultural vai movimentar o munic\u00edpio de S\u00e3o Gon\u00e7alo do Amarante entre os dias 29 e 31 de julho. O evento debater\u00e1 v\u00e1rios temas, com destaque para a cultura negra e hist\u00f3rias de brasileiros consagrados mundo afora. Com premia\u00e7\u00e3o total de mais de R$ 7 mil, a programa\u00e7\u00e3o do evento conta com shows, performances, al\u00e9m de provas de competi\u00e7\u00e3o A Gincana Cear\u00e1 Cultural, projeto que re\u00fane dan\u00e7a, teatro, m\u00fasica, performances, al\u00e9m de provas esportivas&hellip;<\/p>\n","protected":false},"author":1,"featured_media":26069,"comment_status":"open","ping_status":"open","sticky":false,"template":"","format":"standard","meta":{"footnotes":""},"categories":[1],"tags":[],"class_list":["post-26068","post","type-post","status-publish","format-standard","has-post-thumbnail","hentry","category-noticias"],"_links":{"self":[{"href":"https:\/\/blogdorogeriogomes.com.br\/noticias\/wp-json\/wp\/v2\/posts\/26068","targetHints":{"allow":["GET"]}}],"collection":[{"href":"https:\/\/blogdorogeriogomes.com.br\/noticias\/wp-json\/wp\/v2\/posts"}],"about":[{"href":"https:\/\/blogdorogeriogomes.com.br\/noticias\/wp-json\/wp\/v2\/types\/post"}],"author":[{"embeddable":true,"href":"https:\/\/blogdorogeriogomes.com.br\/noticias\/wp-json\/wp\/v2\/users\/1"}],"replies":[{"embeddable":true,"href":"https:\/\/blogdorogeriogomes.com.br\/noticias\/wp-json\/wp\/v2\/comments?post=26068"}],"version-history":[{"count":1,"href":"https:\/\/blogdorogeriogomes.com.br\/noticias\/wp-json\/wp\/v2\/posts\/26068\/revisions"}],"predecessor-version":[{"id":26070,"href":"https:\/\/blogdorogeriogomes.com.br\/noticias\/wp-json\/wp\/v2\/posts\/26068\/revisions\/26070"}],"wp:featuredmedia":[{"embeddable":true,"href":"https:\/\/blogdorogeriogomes.com.br\/noticias\/wp-json\/wp\/v2\/media\/26069"}],"wp:attachment":[{"href":"https:\/\/blogdorogeriogomes.com.br\/noticias\/wp-json\/wp\/v2\/media?parent=26068"}],"wp:term":[{"taxonomy":"category","embeddable":true,"href":"https:\/\/blogdorogeriogomes.com.br\/noticias\/wp-json\/wp\/v2\/categories?post=26068"},{"taxonomy":"post_tag","embeddable":true,"href":"https:\/\/blogdorogeriogomes.com.br\/noticias\/wp-json\/wp\/v2\/tags?post=26068"}],"curies":[{"name":"wp","href":"https:\/\/api.w.org\/{rel}","templated":true}]}}