{"id":26071,"date":"2022-07-15T23:50:52","date_gmt":"2022-07-15T23:50:52","guid":{"rendered":"https:\/\/blogdorogeriogomes.com.br\/?p=26071"},"modified":"2022-07-19T21:02:49","modified_gmt":"2022-07-19T21:02:49","slug":"izolda-cela-e-roberto-claudio-fazem-contatos-politicos-no-cariri-e-aliados-se-animam-com-pesquisa-vox-populi","status":"publish","type":"post","link":"https:\/\/blogdorogeriogomes.com.br\/noticias\/2022\/07\/izolda-cela-e-roberto-claudio-fazem-contatos-politicos-no-cariri-e-aliados-se-animam-com-pesquisa-vox-populi\/","title":{"rendered":"Izolda Cela e Roberto Cl\u00e1udio fazem contatos pol\u00edticos no Cariri e aliados se animam com pesquisa Vox Populi"},"content":{"rendered":"\n<p>A Expocrato 2022, que acontece at\u00e9 este domingo, dia 17 de julho, no munic\u00edpio de Crato, na Regi\u00e3o do Cariri, tem reunido muitos pol\u00edticos de todos os partidos durante toda a semana. E os pr\u00e9-candidatos do PDT que pretendem concorrer ao Governo do Estado n\u00e3o fogem \u00e0 regra. A governadora Izolda Cela e o ex-prefeito de Fortaleza, Roberto Cl\u00e1udio, que disputam o direito de concorrer pelo PDT, est\u00e3o no Cariri nesta sexta-feira, dia 15 de julho.<\/p>\n\n\n\n<p>Izolda Cela circulou por Brejo Santo e Nova Olinda, enquanto Roberto Cl\u00e1udio esteve em Juazeiro do Norte e Crato. Ambos conversam com aliados e aguardam a decis\u00e3o do partido sobre a chapa governista, marcada para segunda-feira, dia 18 de julho.<\/p>\n\n\n\n<p>Aliados de Izolda e RC se mostraram satisfeitos com o resultado da pesquisa Vox Populi, encomendada pela revista Carta Capital. O l\u00edder da oposi\u00e7\u00e3o Capit\u00e3o Wagner (Uni\u00e3o Brasil) aparece com 39% contra 37% de&nbsp;Roberto Cl\u00e1udio (PDT). Quando&nbsp;Izolda Cela&nbsp;\u00e9 a candidata do PDT, Wagner vai a 48% contra 28% da atual governadora.<\/p>\n\n\n\n<p>No entanto, o cen\u00e1rio muda quando os pr\u00e9 -candidatos s\u00e3o associados aos seus apoiadores nacionais. No momento que Izolda Cela \u00e9 apresentada com os apoios do ex-presidente Lula (PT), do ex-governador Camilo Santana (PT) e do senador Cid Gomes (PDT), ela chega a 52% contra 30% de Capit\u00e3o Wagner, que tem o apoio do presidente Jair Bolsonaro (PL).<\/p>\n\n\n\n<figure class=\"wp-block-image size-full\"><img loading=\"lazy\" decoding=\"async\" width=\"853\" height=\"568\" src=\"https:\/\/blogdorogeriogomes.com.br\/wp-content\/uploads\/2022\/07\/IMG-20220715-WA0099.jpg\" alt=\"\" class=\"wp-image-26072\" srcset=\"https:\/\/blogdorogeriogomes.com.br\/noticias\/wp-content\/uploads\/2022\/07\/IMG-20220715-WA0099.jpg 853w, https:\/\/blogdorogeriogomes.com.br\/noticias\/wp-content\/uploads\/2022\/07\/IMG-20220715-WA0099-300x200.jpg 300w, https:\/\/blogdorogeriogomes.com.br\/noticias\/wp-content\/uploads\/2022\/07\/IMG-20220715-WA0099-768x511.jpg 768w, https:\/\/blogdorogeriogomes.com.br\/noticias\/wp-content\/uploads\/2022\/07\/IMG-20220715-WA0099-800x533.jpg 800w\" sizes=\"auto, (max-width: 853px) 100vw, 853px\" \/><\/figure>\n\n\n\n<figure class=\"wp-block-image size-large\"><img loading=\"lazy\" decoding=\"async\" width=\"1024\" height=\"814\" src=\"https:\/\/blogdorogeriogomes.com.br\/wp-content\/uploads\/2022\/07\/IMG-20220715-WA0098-1024x814.jpg\" alt=\"\" class=\"wp-image-26073\" srcset=\"https:\/\/blogdorogeriogomes.com.br\/noticias\/wp-content\/uploads\/2022\/07\/IMG-20220715-WA0098-1024x814.jpg 1024w, https:\/\/blogdorogeriogomes.com.br\/noticias\/wp-content\/uploads\/2022\/07\/IMG-20220715-WA0098-300x238.jpg 300w, https:\/\/blogdorogeriogomes.com.br\/noticias\/wp-content\/uploads\/2022\/07\/IMG-20220715-WA0098-768x610.jpg 768w, https:\/\/blogdorogeriogomes.com.br\/noticias\/wp-content\/uploads\/2022\/07\/IMG-20220715-WA0098-800x636.jpg 800w, https:\/\/blogdorogeriogomes.com.br\/noticias\/wp-content\/uploads\/2022\/07\/IMG-20220715-WA0098.jpg 1080w\" sizes=\"auto, (max-width: 1024px) 100vw, 1024px\" \/><\/figure>\n","protected":false},"excerpt":{"rendered":"<p>A Expocrato 2022, que acontece at\u00e9 este domingo, dia 17 de julho, no munic\u00edpio de Crato, na Regi\u00e3o do Cariri, tem reunido muitos pol\u00edticos de todos os partidos durante toda a semana. E os pr\u00e9-candidatos do PDT que pretendem concorrer ao Governo do Estado n\u00e3o fogem \u00e0 regra. A governadora Izolda Cela e o ex-prefeito de Fortaleza, Roberto Cl\u00e1udio, que disputam o direito de concorrer pelo PDT, est\u00e3o no Cariri nesta sexta-feira, dia 15 de julho. Izolda Cela circulou&hellip;<\/p>\n","protected":false},"author":1,"featured_media":26072,"comment_status":"open","ping_status":"open","sticky":false,"template":"","format":"standard","meta":{"footnotes":""},"categories":[1],"tags":[],"class_list":["post-26071","post","type-post","status-publish","format-standard","has-post-thumbnail","hentry","category-noticias"],"_links":{"self":[{"href":"https:\/\/blogdorogeriogomes.com.br\/noticias\/wp-json\/wp\/v2\/posts\/26071","targetHints":{"allow":["GET"]}}],"collection":[{"href":"https:\/\/blogdorogeriogomes.com.br\/noticias\/wp-json\/wp\/v2\/posts"}],"about":[{"href":"https:\/\/blogdorogeriogomes.com.br\/noticias\/wp-json\/wp\/v2\/types\/post"}],"author":[{"embeddable":true,"href":"https:\/\/blogdorogeriogomes.com.br\/noticias\/wp-json\/wp\/v2\/users\/1"}],"replies":[{"embeddable":true,"href":"https:\/\/blogdorogeriogomes.com.br\/noticias\/wp-json\/wp\/v2\/comments?post=26071"}],"version-history":[{"count":2,"href":"https:\/\/blogdorogeriogomes.com.br\/noticias\/wp-json\/wp\/v2\/posts\/26071\/revisions"}],"predecessor-version":[{"id":26102,"href":"https:\/\/blogdorogeriogomes.com.br\/noticias\/wp-json\/wp\/v2\/posts\/26071\/revisions\/26102"}],"wp:featuredmedia":[{"embeddable":true,"href":"https:\/\/blogdorogeriogomes.com.br\/noticias\/wp-json\/wp\/v2\/media\/26072"}],"wp:attachment":[{"href":"https:\/\/blogdorogeriogomes.com.br\/noticias\/wp-json\/wp\/v2\/media?parent=26071"}],"wp:term":[{"taxonomy":"category","embeddable":true,"href":"https:\/\/blogdorogeriogomes.com.br\/noticias\/wp-json\/wp\/v2\/categories?post=26071"},{"taxonomy":"post_tag","embeddable":true,"href":"https:\/\/blogdorogeriogomes.com.br\/noticias\/wp-json\/wp\/v2\/tags?post=26071"}],"curies":[{"name":"wp","href":"https:\/\/api.w.org\/{rel}","templated":true}]}}