{"id":26075,"date":"2022-07-16T11:59:37","date_gmt":"2022-07-16T11:59:37","guid":{"rendered":"https:\/\/blogdorogeriogomes.com.br\/?p=26075"},"modified":"2022-07-19T21:02:35","modified_gmt":"2022-07-19T21:02:35","slug":"quase-sete-milhoes-de-eleitores-estao-aptos-a-votar-no-ceara-nas-eleicoes-de-outubro","status":"publish","type":"post","link":"https:\/\/blogdorogeriogomes.com.br\/noticias\/2022\/07\/quase-sete-milhoes-de-eleitores-estao-aptos-a-votar-no-ceara-nas-eleicoes-de-outubro\/","title":{"rendered":"Quase sete milh\u00f5es de eleitores est\u00e3o aptos a votar no Cear\u00e1 nas elei\u00e7\u00f5es de outubro"},"content":{"rendered":"\n<p>Quase 7 milh\u00f5es de eleitores poder\u00e3o votar no Cear\u00e1 no pleito de outubro. Segundo o Tribunal Superior Eleitoral (TSE), o Estado tem 6.819.976 de eleitores aptos a participar da vota\u00e7\u00e3o, o que torna o Cear\u00e1 o oitavo maior col\u00e9gio eleitoral do pa\u00eds. O&nbsp;TSE diz que em todo o Brasil s\u00e3o 156,4 milh\u00f5es de eleitores em situa\u00e7\u00e3o regular.<\/p>\n\n\n\n<p>Ainda de acordo com o TSE, dos mais de 6,8 milh\u00f5es de eleitores do Cear\u00e1, 3,6 milh\u00f5es s\u00e3o mulheres, o que representa 53% do total, mais da metade. Outros 3,2 milh\u00f5es s\u00e3o homens, 47% do eleitorado.<\/p>\n\n\n\n<p>Em 2022, h\u00e1 131.463 jovens de 16 e 17 anos com t\u00edtulo de eleitor regularizado, mesmo sendo um voto facultativo.<\/p>\n\n\n\n<figure class=\"wp-block-image size-full\"><img loading=\"lazy\" decoding=\"async\" width=\"640\" height=\"360\" src=\"https:\/\/blogdorogeriogomes.com.br\/wp-content\/uploads\/2022\/07\/images.jpeg\" alt=\"\" class=\"wp-image-26076\" srcset=\"https:\/\/blogdorogeriogomes.com.br\/noticias\/wp-content\/uploads\/2022\/07\/images.jpeg 640w, https:\/\/blogdorogeriogomes.com.br\/noticias\/wp-content\/uploads\/2022\/07\/images-300x169.jpeg 300w\" sizes=\"auto, (max-width: 640px) 100vw, 640px\" \/><\/figure>\n","protected":false},"excerpt":{"rendered":"<p>Quase 7 milh\u00f5es de eleitores poder\u00e3o votar no Cear\u00e1 no pleito de outubro. Segundo o Tribunal Superior Eleitoral (TSE), o Estado tem 6.819.976 de eleitores aptos a participar da vota\u00e7\u00e3o, o que torna o Cear\u00e1 o oitavo maior col\u00e9gio eleitoral do pa\u00eds. O&nbsp;TSE diz que em todo o Brasil s\u00e3o 156,4 milh\u00f5es de eleitores em situa\u00e7\u00e3o regular. Ainda de acordo com o TSE, dos mais de 6,8 milh\u00f5es de eleitores do Cear\u00e1, 3,6 milh\u00f5es s\u00e3o mulheres, o que representa&hellip;<\/p>\n","protected":false},"author":1,"featured_media":26076,"comment_status":"open","ping_status":"open","sticky":false,"template":"","format":"standard","meta":{"footnotes":""},"categories":[1],"tags":[],"class_list":["post-26075","post","type-post","status-publish","format-standard","has-post-thumbnail","hentry","category-noticias"],"_links":{"self":[{"href":"https:\/\/blogdorogeriogomes.com.br\/noticias\/wp-json\/wp\/v2\/posts\/26075","targetHints":{"allow":["GET"]}}],"collection":[{"href":"https:\/\/blogdorogeriogomes.com.br\/noticias\/wp-json\/wp\/v2\/posts"}],"about":[{"href":"https:\/\/blogdorogeriogomes.com.br\/noticias\/wp-json\/wp\/v2\/types\/post"}],"author":[{"embeddable":true,"href":"https:\/\/blogdorogeriogomes.com.br\/noticias\/wp-json\/wp\/v2\/users\/1"}],"replies":[{"embeddable":true,"href":"https:\/\/blogdorogeriogomes.com.br\/noticias\/wp-json\/wp\/v2\/comments?post=26075"}],"version-history":[{"count":2,"href":"https:\/\/blogdorogeriogomes.com.br\/noticias\/wp-json\/wp\/v2\/posts\/26075\/revisions"}],"predecessor-version":[{"id":26101,"href":"https:\/\/blogdorogeriogomes.com.br\/noticias\/wp-json\/wp\/v2\/posts\/26075\/revisions\/26101"}],"wp:featuredmedia":[{"embeddable":true,"href":"https:\/\/blogdorogeriogomes.com.br\/noticias\/wp-json\/wp\/v2\/media\/26076"}],"wp:attachment":[{"href":"https:\/\/blogdorogeriogomes.com.br\/noticias\/wp-json\/wp\/v2\/media?parent=26075"}],"wp:term":[{"taxonomy":"category","embeddable":true,"href":"https:\/\/blogdorogeriogomes.com.br\/noticias\/wp-json\/wp\/v2\/categories?post=26075"},{"taxonomy":"post_tag","embeddable":true,"href":"https:\/\/blogdorogeriogomes.com.br\/noticias\/wp-json\/wp\/v2\/tags?post=26075"}],"curies":[{"name":"wp","href":"https:\/\/api.w.org\/{rel}","templated":true}]}}