{"id":26081,"date":"2022-07-18T10:35:20","date_gmt":"2022-07-18T10:35:20","guid":{"rendered":"https:\/\/blogdorogeriogomes.com.br\/?p=26081"},"modified":"2022-07-19T21:02:00","modified_gmt":"2022-07-19T21:02:00","slug":"pl-cobra-engajamento-de-capitao-wagner-na-campanha-de-bolsonaro-pra-fechar-apoio-na-disputa-para-o-governo-estadual","status":"publish","type":"post","link":"https:\/\/blogdorogeriogomes.com.br\/noticias\/2022\/07\/pl-cobra-engajamento-de-capitao-wagner-na-campanha-de-bolsonaro-pra-fechar-apoio-na-disputa-para-o-governo-estadual\/","title":{"rendered":"PL cobra engajamento de Capit\u00e3o Wagner na campanha de Bolsonaro pra fechar apoio na disputa para o Governo Estadual"},"content":{"rendered":"\n<p>O l\u00edder da oposi\u00e7\u00e3o no Cear\u00e1 Capit\u00e3o Wagner (Uni\u00e3o Brasil) marcou presen\u00e7a na visita do presidente Jair Bolsonaro (PL), s\u00e1bado passado, dia 16 de julho, a Fortaleza durante o evento &#8220;Marcha pra Jesus&#8221;, na Praia de Iracema. Wagner esteve no palco com Bolsonaro e recebeu o apoio do presidente \u00e0 sua candidatura ao Governo do Estado.<\/p>\n\n\n\n<p>No entanto, o presidente estadual do PL, Acilon Gon\u00e7alves, deixou claro que o partido s\u00f3 vai fechar apoio formal a Wagner no Cear\u00e1 se ele se engajar de vez na campanha \u00e0 reelei\u00e7\u00e3o de Bolsonaro. As pesquisas mostram um alto \u00edndice de rejei\u00e7\u00e3o do presidente no Estado e Capit\u00e3o Wagner tem evitado falar do apoio de Bolsonaro durante as visitas ao interior para n\u00e3o se desgastar com o eleitorado.<\/p>\n\n\n\n<p>Segundo o Vox Populi, Lula (PT) tem 56% da prefer\u00eancia dos votos no Cear\u00e1, seguido de Jair Bolsonaro (PL) com 21% e Ciro Gomes (PDT) com 13%.<\/p>\n\n\n\n<figure class=\"wp-block-image size-full\"><img loading=\"lazy\" decoding=\"async\" width=\"984\" height=\"656\" src=\"https:\/\/blogdorogeriogomes.com.br\/wp-content\/uploads\/2022\/07\/whatsapp-image-2022-07-16-at-19.54.01.jpeg\" alt=\"\" class=\"wp-image-26082\" srcset=\"https:\/\/blogdorogeriogomes.com.br\/noticias\/wp-content\/uploads\/2022\/07\/whatsapp-image-2022-07-16-at-19.54.01.jpeg 984w, https:\/\/blogdorogeriogomes.com.br\/noticias\/wp-content\/uploads\/2022\/07\/whatsapp-image-2022-07-16-at-19.54.01-300x200.jpeg 300w, https:\/\/blogdorogeriogomes.com.br\/noticias\/wp-content\/uploads\/2022\/07\/whatsapp-image-2022-07-16-at-19.54.01-768x512.jpeg 768w, https:\/\/blogdorogeriogomes.com.br\/noticias\/wp-content\/uploads\/2022\/07\/whatsapp-image-2022-07-16-at-19.54.01-800x533.jpeg 800w\" sizes=\"auto, (max-width: 984px) 100vw, 984px\" \/><\/figure>\n","protected":false},"excerpt":{"rendered":"<p>O l\u00edder da oposi\u00e7\u00e3o no Cear\u00e1 Capit\u00e3o Wagner (Uni\u00e3o Brasil) marcou presen\u00e7a na visita do presidente Jair Bolsonaro (PL), s\u00e1bado passado, dia 16 de julho, a Fortaleza durante o evento &#8220;Marcha pra Jesus&#8221;, na Praia de Iracema. Wagner esteve no palco com Bolsonaro e recebeu o apoio do presidente \u00e0 sua candidatura ao Governo do Estado. No entanto, o presidente estadual do PL, Acilon Gon\u00e7alves, deixou claro que o partido s\u00f3 vai fechar apoio formal a Wagner no Cear\u00e1&hellip;<\/p>\n","protected":false},"author":1,"featured_media":26082,"comment_status":"open","ping_status":"open","sticky":false,"template":"","format":"standard","meta":{"footnotes":""},"categories":[1],"tags":[],"class_list":["post-26081","post","type-post","status-publish","format-standard","has-post-thumbnail","hentry","category-noticias"],"_links":{"self":[{"href":"https:\/\/blogdorogeriogomes.com.br\/noticias\/wp-json\/wp\/v2\/posts\/26081","targetHints":{"allow":["GET"]}}],"collection":[{"href":"https:\/\/blogdorogeriogomes.com.br\/noticias\/wp-json\/wp\/v2\/posts"}],"about":[{"href":"https:\/\/blogdorogeriogomes.com.br\/noticias\/wp-json\/wp\/v2\/types\/post"}],"author":[{"embeddable":true,"href":"https:\/\/blogdorogeriogomes.com.br\/noticias\/wp-json\/wp\/v2\/users\/1"}],"replies":[{"embeddable":true,"href":"https:\/\/blogdorogeriogomes.com.br\/noticias\/wp-json\/wp\/v2\/comments?post=26081"}],"version-history":[{"count":1,"href":"https:\/\/blogdorogeriogomes.com.br\/noticias\/wp-json\/wp\/v2\/posts\/26081\/revisions"}],"predecessor-version":[{"id":26083,"href":"https:\/\/blogdorogeriogomes.com.br\/noticias\/wp-json\/wp\/v2\/posts\/26081\/revisions\/26083"}],"wp:featuredmedia":[{"embeddable":true,"href":"https:\/\/blogdorogeriogomes.com.br\/noticias\/wp-json\/wp\/v2\/media\/26082"}],"wp:attachment":[{"href":"https:\/\/blogdorogeriogomes.com.br\/noticias\/wp-json\/wp\/v2\/media?parent=26081"}],"wp:term":[{"taxonomy":"category","embeddable":true,"href":"https:\/\/blogdorogeriogomes.com.br\/noticias\/wp-json\/wp\/v2\/categories?post=26081"},{"taxonomy":"post_tag","embeddable":true,"href":"https:\/\/blogdorogeriogomes.com.br\/noticias\/wp-json\/wp\/v2\/tags?post=26081"}],"curies":[{"name":"wp","href":"https:\/\/api.w.org\/{rel}","templated":true}]}}