{"id":26084,"date":"2022-07-18T10:56:30","date_gmt":"2022-07-18T10:56:30","guid":{"rendered":"https:\/\/blogdorogeriogomes.com.br\/?p=26084"},"modified":"2022-07-19T21:01:43","modified_gmt":"2022-07-19T21:01:43","slug":"prefeito-de-sobral-ivo-gomes-aposta-na-escolha-de-izolda-cela-e-na-manutencao-da-alianca-com-camilo-santana","status":"publish","type":"post","link":"https:\/\/blogdorogeriogomes.com.br\/noticias\/2022\/07\/prefeito-de-sobral-ivo-gomes-aposta-na-escolha-de-izolda-cela-e-na-manutencao-da-alianca-com-camilo-santana\/","title":{"rendered":"Prefeito de Sobral Ivo Gomes aposta na escolha de Izolda Cela e na manuten\u00e7\u00e3o da alian\u00e7a com Camilo Santana"},"content":{"rendered":"\n<p>Em entrevista ao Di\u00e1rio do Nordeste, o prefeito de Sobral, Ivo Gomes, diz apostar na escolha da governadora Izolda Cela para concorrer \u00e0 reelei\u00e7\u00e3o pelo PDT. Ivo \u00e9 irm\u00e3o do presidenciavel Ciro Gomes e do senador Cid Gomes.<\/p>\n\n\n\n<p>Ivo ainda garante que a alian\u00e7a de partidos aliados, incluindo o PT, dever\u00e1 ser mantida para a disputa eleitoral de outubro. O prefeito de Sobral afirmou que caso votasse no diret\u00f3rio do PDT, nesta segunda-feira, dia 18 de julho, a escolha seria pela reelei\u00e7\u00e3o da governadora Izolda Cela e que o irm\u00e3o e senador Cid Gomes pensa o mesmo. <\/p>\n\n\n\n<p>O prefeito de Sobral assegura n\u00e3o haver qualquer desgaste na rela\u00e7\u00e3o entre o irm\u00e3o Cid Gomes e o ex-governador Camilo Santana (PT). Ivo Gomes criticou as &#8220;tentativas de intriga&#8221; e disse que &#8220;proximidade das decis\u00f5es eleva as tens\u00f5es&#8221;. Est\u00e1 marcado para esta segunda-feira, dia 18, o an\u00fancio da dire\u00e7\u00e3o do PDT de quem vai encabe\u00e7ar a chapa governista para outubro.<br><\/p>\n\n\n\n<figure class=\"wp-block-image size-full\"><img loading=\"lazy\" decoding=\"async\" width=\"640\" height=\"445\" src=\"https:\/\/blogdorogeriogomes.com.br\/wp-content\/uploads\/2022\/07\/images-2.jpeg\" alt=\"\" class=\"wp-image-26085\" srcset=\"https:\/\/blogdorogeriogomes.com.br\/noticias\/wp-content\/uploads\/2022\/07\/images-2.jpeg 640w, https:\/\/blogdorogeriogomes.com.br\/noticias\/wp-content\/uploads\/2022\/07\/images-2-300x209.jpeg 300w\" sizes=\"auto, (max-width: 640px) 100vw, 640px\" \/><\/figure>\n","protected":false},"excerpt":{"rendered":"<p>Em entrevista ao Di\u00e1rio do Nordeste, o prefeito de Sobral, Ivo Gomes, diz apostar na escolha da governadora Izolda Cela para concorrer \u00e0 reelei\u00e7\u00e3o pelo PDT. Ivo \u00e9 irm\u00e3o do presidenciavel Ciro Gomes e do senador Cid Gomes. Ivo ainda garante que a alian\u00e7a de partidos aliados, incluindo o PT, dever\u00e1 ser mantida para a disputa eleitoral de outubro. O prefeito de Sobral afirmou que caso votasse no diret\u00f3rio do PDT, nesta segunda-feira, dia 18 de julho, a escolha&hellip;<\/p>\n","protected":false},"author":1,"featured_media":26085,"comment_status":"open","ping_status":"open","sticky":false,"template":"","format":"standard","meta":{"footnotes":""},"categories":[1],"tags":[],"class_list":["post-26084","post","type-post","status-publish","format-standard","has-post-thumbnail","hentry","category-noticias"],"_links":{"self":[{"href":"https:\/\/blogdorogeriogomes.com.br\/noticias\/wp-json\/wp\/v2\/posts\/26084","targetHints":{"allow":["GET"]}}],"collection":[{"href":"https:\/\/blogdorogeriogomes.com.br\/noticias\/wp-json\/wp\/v2\/posts"}],"about":[{"href":"https:\/\/blogdorogeriogomes.com.br\/noticias\/wp-json\/wp\/v2\/types\/post"}],"author":[{"embeddable":true,"href":"https:\/\/blogdorogeriogomes.com.br\/noticias\/wp-json\/wp\/v2\/users\/1"}],"replies":[{"embeddable":true,"href":"https:\/\/blogdorogeriogomes.com.br\/noticias\/wp-json\/wp\/v2\/comments?post=26084"}],"version-history":[{"count":1,"href":"https:\/\/blogdorogeriogomes.com.br\/noticias\/wp-json\/wp\/v2\/posts\/26084\/revisions"}],"predecessor-version":[{"id":26086,"href":"https:\/\/blogdorogeriogomes.com.br\/noticias\/wp-json\/wp\/v2\/posts\/26084\/revisions\/26086"}],"wp:featuredmedia":[{"embeddable":true,"href":"https:\/\/blogdorogeriogomes.com.br\/noticias\/wp-json\/wp\/v2\/media\/26085"}],"wp:attachment":[{"href":"https:\/\/blogdorogeriogomes.com.br\/noticias\/wp-json\/wp\/v2\/media?parent=26084"}],"wp:term":[{"taxonomy":"category","embeddable":true,"href":"https:\/\/blogdorogeriogomes.com.br\/noticias\/wp-json\/wp\/v2\/categories?post=26084"},{"taxonomy":"post_tag","embeddable":true,"href":"https:\/\/blogdorogeriogomes.com.br\/noticias\/wp-json\/wp\/v2\/tags?post=26084"}],"curies":[{"name":"wp","href":"https:\/\/api.w.org\/{rel}","templated":true}]}}