{"id":26087,"date":"2022-07-18T23:15:07","date_gmt":"2022-07-18T23:15:07","guid":{"rendered":"https:\/\/blogdorogeriogomes.com.br\/?p=26087"},"modified":"2022-07-19T21:01:27","modified_gmt":"2022-07-19T21:01:27","slug":"diretorio-estadual-do-pdt-escolhe-roberto-claudio-como-pre-candidato-ao-governo-do-ceara","status":"publish","type":"post","link":"https:\/\/blogdorogeriogomes.com.br\/noticias\/2022\/07\/diretorio-estadual-do-pdt-escolhe-roberto-claudio-como-pre-candidato-ao-governo-do-ceara\/","title":{"rendered":"Diret\u00f3rio Estadual do PDT escolhe Roberto Cl\u00e1udio como pr\u00e9-candidato ao Governo do Cear\u00e1"},"content":{"rendered":"\n<p>Ap\u00f3s as desist\u00eancias do presidente da Assembleia Legislativa, Evandro Leit\u00e3o, e do deputado federal Mauro Filho, o Diret\u00f3rio Estadual do PDT escolheu entre o ex-prefeito de Fortaleza Roberto Cl\u00e1udio e a atual governadora Izolda Cela quem ser\u00e1 o pr\u00e9-candidato do partido ao Governo do Estado em outubro. E por 54 votos a 29, deu Roberto Cl\u00e1udio. A decis\u00e3o ainda precisa ser chancelada na Conven\u00e7\u00e3o Estadual do PDT marcada para o pr\u00f3ximo domingo, dia 24 de julho, em Fortaleza.<\/p>\n\n\n\n<p>Depois do an\u00fancio do resultado, Roberto Cl\u00e1udio disse que pretende procurar os partidos aliados, como o PT, para conversar, incluindo o ex-governador Camilo Santana, que j\u00e1 tinha declarado apoio a Izolda Cela. &#8220;A primeira tarefa nossa agora \u00e9 celebrar e construir nossa unidade interna, depois disso procurar tamb\u00e9m, humildemente, todos os nossos aliados que comp\u00f5em a nossa alian\u00e7a hoje, procurar o ex-governador Camilo Santana, procurar todo mundo para conversar e manter a alian\u00e7a o mais ampla poss\u00edvel&#8221;, afirmou Roberto Cl\u00e1udio.<\/p>\n\n\n\n<p>A governadora Izolda Cela se pronunciou pelas redes sociais. &#8220;Meu partido PDT decidiu hoje, em reuni\u00e3o de diret\u00f3rio, que n\u00e3o terei o direito a concorrer \u00e0 reelei\u00e7\u00e3o. Respeito a decis\u00e3o. Seguirei firme, com for\u00e7a e coragem, honrando meu mandato e trabalhando muito pelo nosso Cear\u00e1&#8221;, disse Izolda.<\/p>\n\n\n\n<p>A expectativa agora \u00e9 pelo posicionamento de partidos aliados como PT, MDB, PP, PSD e PSDB sobre que rumo devem tomar nas elei\u00e7\u00f5es estaduais. At\u00e9 a conven\u00e7\u00e3o do PDT no domingo, muitas conversas envolvendo as lideran\u00e7as partid\u00e1rias devem acontecer.<\/p>\n\n\n\n<figure class=\"wp-block-image size-large\"><img loading=\"lazy\" decoding=\"async\" width=\"1024\" height=\"768\" src=\"https:\/\/blogdorogeriogomes.com.br\/wp-content\/uploads\/2022\/07\/roberto-claudio-pre-pdt-1024x768.jpeg\" alt=\"\" class=\"wp-image-26088\" srcset=\"https:\/\/blogdorogeriogomes.com.br\/noticias\/wp-content\/uploads\/2022\/07\/roberto-claudio-pre-pdt-1024x768.jpeg 1024w, https:\/\/blogdorogeriogomes.com.br\/noticias\/wp-content\/uploads\/2022\/07\/roberto-claudio-pre-pdt-300x225.jpeg 300w, https:\/\/blogdorogeriogomes.com.br\/noticias\/wp-content\/uploads\/2022\/07\/roberto-claudio-pre-pdt-768x576.jpeg 768w, https:\/\/blogdorogeriogomes.com.br\/noticias\/wp-content\/uploads\/2022\/07\/roberto-claudio-pre-pdt-800x600.jpeg 800w, https:\/\/blogdorogeriogomes.com.br\/noticias\/wp-content\/uploads\/2022\/07\/roberto-claudio-pre-pdt-400x300.jpeg 400w, https:\/\/blogdorogeriogomes.com.br\/noticias\/wp-content\/uploads\/2022\/07\/roberto-claudio-pre-pdt.jpeg 1152w\" sizes=\"auto, (max-width: 1024px) 100vw, 1024px\" \/><\/figure>\n","protected":false},"excerpt":{"rendered":"<p>Ap\u00f3s as desist\u00eancias do presidente da Assembleia Legislativa, Evandro Leit\u00e3o, e do deputado federal Mauro Filho, o Diret\u00f3rio Estadual do PDT escolheu entre o ex-prefeito de Fortaleza Roberto Cl\u00e1udio e a atual governadora Izolda Cela quem ser\u00e1 o pr\u00e9-candidato do partido ao Governo do Estado em outubro. E por 54 votos a 29, deu Roberto Cl\u00e1udio. A decis\u00e3o ainda precisa ser chancelada na Conven\u00e7\u00e3o Estadual do PDT marcada para o pr\u00f3ximo domingo, dia 24 de julho, em Fortaleza. Depois&hellip;<\/p>\n","protected":false},"author":1,"featured_media":26088,"comment_status":"open","ping_status":"open","sticky":false,"template":"","format":"standard","meta":{"footnotes":""},"categories":[1],"tags":[],"class_list":["post-26087","post","type-post","status-publish","format-standard","has-post-thumbnail","hentry","category-noticias"],"_links":{"self":[{"href":"https:\/\/blogdorogeriogomes.com.br\/noticias\/wp-json\/wp\/v2\/posts\/26087","targetHints":{"allow":["GET"]}}],"collection":[{"href":"https:\/\/blogdorogeriogomes.com.br\/noticias\/wp-json\/wp\/v2\/posts"}],"about":[{"href":"https:\/\/blogdorogeriogomes.com.br\/noticias\/wp-json\/wp\/v2\/types\/post"}],"author":[{"embeddable":true,"href":"https:\/\/blogdorogeriogomes.com.br\/noticias\/wp-json\/wp\/v2\/users\/1"}],"replies":[{"embeddable":true,"href":"https:\/\/blogdorogeriogomes.com.br\/noticias\/wp-json\/wp\/v2\/comments?post=26087"}],"version-history":[{"count":1,"href":"https:\/\/blogdorogeriogomes.com.br\/noticias\/wp-json\/wp\/v2\/posts\/26087\/revisions"}],"predecessor-version":[{"id":26089,"href":"https:\/\/blogdorogeriogomes.com.br\/noticias\/wp-json\/wp\/v2\/posts\/26087\/revisions\/26089"}],"wp:featuredmedia":[{"embeddable":true,"href":"https:\/\/blogdorogeriogomes.com.br\/noticias\/wp-json\/wp\/v2\/media\/26088"}],"wp:attachment":[{"href":"https:\/\/blogdorogeriogomes.com.br\/noticias\/wp-json\/wp\/v2\/media?parent=26087"}],"wp:term":[{"taxonomy":"category","embeddable":true,"href":"https:\/\/blogdorogeriogomes.com.br\/noticias\/wp-json\/wp\/v2\/categories?post=26087"},{"taxonomy":"post_tag","embeddable":true,"href":"https:\/\/blogdorogeriogomes.com.br\/noticias\/wp-json\/wp\/v2\/tags?post=26087"}],"curies":[{"name":"wp","href":"https:\/\/api.w.org\/{rel}","templated":true}]}}