{"id":26090,"date":"2022-07-18T23:37:38","date_gmt":"2022-07-18T23:37:38","guid":{"rendered":"https:\/\/blogdorogeriogomes.com.br\/?p=26090"},"modified":"2022-07-19T21:01:09","modified_gmt":"2022-07-19T21:01:09","slug":"lideres-do-mdb-em-11-estados-fecham-apoio-a-lula-ainda-no-1-turno-das-eleicoes-2022","status":"publish","type":"post","link":"https:\/\/blogdorogeriogomes.com.br\/noticias\/2022\/07\/lideres-do-mdb-em-11-estados-fecham-apoio-a-lula-ainda-no-1-turno-das-eleicoes-2022\/","title":{"rendered":"L\u00edderes do MDB em 11 estados fecham apoio a Lula ainda no 1\u00b0 turno das Elei\u00e7\u00f5es 2022"},"content":{"rendered":"\n<p>Apesar de ter como pr\u00e9-candidata a senadora Simone Tebet, l\u00edderes do MDB de 11 estados se reuniram nesta segunda-feira, dia 18 de julho, em S\u00e3o Paulo, para declarar apoio \u00e0 pr\u00e9-candidatura de Lula (PT) ainda no 1\u00b0 turno. <\/p>\n\n\n\n<p>Estavam presentes no evento o senador Renan Calheiros (AL), o governador de Alagoas, Paulo Dantas, e os senadores Veneziano Vital do R\u00eago (PB), Eun\u00edcio Oliveira (CE), Rose de Freitas (ES), L\u00facio Vieira Lima (BA), Marcelo Castro (PI), Edison Lob\u00e3o (MA), al\u00e9m do presidente do diret\u00f3rio estadual MDB no Rio de Janeiro, Leonardo Picciani. <\/p>\n\n\n\n<p>&#8220;Por onde passamos o sentimento \u00e9 um s\u00f3: a popula\u00e7\u00e3o cearense quer retornar ao caminho da esperan\u00e7a, prosperidade e da justi\u00e7a social. Vamos pavimentar o caminho de Lula at\u00e9 \u00e0 presid\u00eancia da Rep\u00fablica. Estamos unidos nesta frente ampla pelo Brasil e pelo Cear\u00e1&#8221;, declarou o ex-senador cearense Eun\u00edcio Oliveira, que participou da reuni\u00e3o com Lula.<\/p>\n\n\n\n<figure class=\"wp-block-image size-large\"><img loading=\"lazy\" decoding=\"async\" width=\"1024\" height=\"589\" src=\"https:\/\/blogdorogeriogomes.com.br\/wp-content\/uploads\/2022\/07\/IMG-20220718-WA0112-1024x589.jpg\" alt=\"\" class=\"wp-image-26091\" srcset=\"https:\/\/blogdorogeriogomes.com.br\/noticias\/wp-content\/uploads\/2022\/07\/IMG-20220718-WA0112-1024x589.jpg 1024w, https:\/\/blogdorogeriogomes.com.br\/noticias\/wp-content\/uploads\/2022\/07\/IMG-20220718-WA0112-300x173.jpg 300w, https:\/\/blogdorogeriogomes.com.br\/noticias\/wp-content\/uploads\/2022\/07\/IMG-20220718-WA0112-768x442.jpg 768w, https:\/\/blogdorogeriogomes.com.br\/noticias\/wp-content\/uploads\/2022\/07\/IMG-20220718-WA0112-800x460.jpg 800w, https:\/\/blogdorogeriogomes.com.br\/noticias\/wp-content\/uploads\/2022\/07\/IMG-20220718-WA0112.jpg 1080w\" sizes=\"auto, (max-width: 1024px) 100vw, 1024px\" \/><\/figure>\n","protected":false},"excerpt":{"rendered":"<p>Apesar de ter como pr\u00e9-candidata a senadora Simone Tebet, l\u00edderes do MDB de 11 estados se reuniram nesta segunda-feira, dia 18 de julho, em S\u00e3o Paulo, para declarar apoio \u00e0 pr\u00e9-candidatura de Lula (PT) ainda no 1\u00b0 turno. Estavam presentes no evento o senador Renan Calheiros (AL), o governador de Alagoas, Paulo Dantas, e os senadores Veneziano Vital do R\u00eago (PB), Eun\u00edcio Oliveira (CE), Rose de Freitas (ES), L\u00facio Vieira Lima (BA), Marcelo Castro (PI), Edison Lob\u00e3o (MA), al\u00e9m&hellip;<\/p>\n","protected":false},"author":1,"featured_media":26091,"comment_status":"open","ping_status":"open","sticky":false,"template":"","format":"standard","meta":{"footnotes":""},"categories":[1],"tags":[],"class_list":["post-26090","post","type-post","status-publish","format-standard","has-post-thumbnail","hentry","category-noticias"],"_links":{"self":[{"href":"https:\/\/blogdorogeriogomes.com.br\/noticias\/wp-json\/wp\/v2\/posts\/26090","targetHints":{"allow":["GET"]}}],"collection":[{"href":"https:\/\/blogdorogeriogomes.com.br\/noticias\/wp-json\/wp\/v2\/posts"}],"about":[{"href":"https:\/\/blogdorogeriogomes.com.br\/noticias\/wp-json\/wp\/v2\/types\/post"}],"author":[{"embeddable":true,"href":"https:\/\/blogdorogeriogomes.com.br\/noticias\/wp-json\/wp\/v2\/users\/1"}],"replies":[{"embeddable":true,"href":"https:\/\/blogdorogeriogomes.com.br\/noticias\/wp-json\/wp\/v2\/comments?post=26090"}],"version-history":[{"count":1,"href":"https:\/\/blogdorogeriogomes.com.br\/noticias\/wp-json\/wp\/v2\/posts\/26090\/revisions"}],"predecessor-version":[{"id":26092,"href":"https:\/\/blogdorogeriogomes.com.br\/noticias\/wp-json\/wp\/v2\/posts\/26090\/revisions\/26092"}],"wp:featuredmedia":[{"embeddable":true,"href":"https:\/\/blogdorogeriogomes.com.br\/noticias\/wp-json\/wp\/v2\/media\/26091"}],"wp:attachment":[{"href":"https:\/\/blogdorogeriogomes.com.br\/noticias\/wp-json\/wp\/v2\/media?parent=26090"}],"wp:term":[{"taxonomy":"category","embeddable":true,"href":"https:\/\/blogdorogeriogomes.com.br\/noticias\/wp-json\/wp\/v2\/categories?post=26090"},{"taxonomy":"post_tag","embeddable":true,"href":"https:\/\/blogdorogeriogomes.com.br\/noticias\/wp-json\/wp\/v2\/tags?post=26090"}],"curies":[{"name":"wp","href":"https:\/\/api.w.org\/{rel}","templated":true}]}}