{"id":26097,"date":"2022-07-19T11:53:26","date_gmt":"2022-07-19T11:53:26","guid":{"rendered":"https:\/\/blogdorogeriogomes.com.br\/?p=26097"},"modified":"2022-07-19T21:00:32","modified_gmt":"2022-07-19T21:00:32","slug":"pt-deve-se-reunir-proximo-sabado-para-definir-que-rumo-vai-tomar-nas-eleicoes-estaduais-rc-promete-procurar-camilo-santana-para-manter-alianca","status":"publish","type":"post","link":"https:\/\/blogdorogeriogomes.com.br\/noticias\/2022\/07\/pt-deve-se-reunir-proximo-sabado-para-definir-que-rumo-vai-tomar-nas-eleicoes-estaduais-rc-promete-procurar-camilo-santana-para-manter-alianca\/","title":{"rendered":"PT deve se reunir pr\u00f3ximo s\u00e1bado para definir que rumo vai tomar nas elei\u00e7\u00f5es estaduais. RC promete procurar Camilo Santana para manter alian\u00e7a"},"content":{"rendered":"\n<p>O comando do PT no Cear\u00e1 deve se reunir no pr\u00f3ximo s\u00e1bado, dia 23 de julho, para definir se o partido mant\u00e9m a alian\u00e7a estadual com o PDT, que escolheu o ex-prefeito de Fortaleza, Roberto Cl\u00e1udio, como pr\u00e9-candidato ao Governo do Estado. O PT tinha prefer\u00eancia pelo nome da governadora Izolda Cela (PDT). As conversas tamb\u00e9m devem incluir outros partidos da base governista como MDB do ex-senador Eun\u00edcio Oliveira e o PP do deputado Zezinho Albuquerque. <\/p>\n\n\n\n<p>N\u00e3o est\u00e1 descartada a possibilidade de o PT lan\u00e7ar uma candidatura pr\u00f3pria aliada ao MDB, com o apoio do ex-presidente Lula. &#8220;Vamos construir o nosso caminho&#8221;, destacou o deputado federal Jos\u00e9 Guimar\u00e3es. <\/p>\n\n\n\n<p>O ex-governador Camilo Santana, que \u00e9 pr\u00e9-candidato ao Senado, tamb\u00e9m deve participar diretamente das negocia\u00e7\u00f5es. O pedetista Roberto Cl\u00e1udio diz que vai procurar Camilo para buscar a manuten\u00e7\u00e3o da alian\u00e7a estadual com o PT.<\/p>\n\n\n\n<p>Outro desafio para RC ser\u00e1 aparar as arestas dentro do pr\u00f3prio PDT. Aliados da governadora Izolda Cela consideram que o direito \u00e0 reelei\u00e7\u00e3o da atual governadora foi negado pelo diret\u00f3rio estadual. A insatisfa\u00e7\u00e3o com a escolha causou um racha interno que ter\u00e1 de ser superado. Por enquanto, a oposi\u00e7\u00e3o liderada por Capit\u00e3o Wagner (Uni\u00e3o Brasil) tenta tirar proveito pol\u00edtico das desaven\u00e7as pedetistas.<\/p>\n\n\n\n<figure class=\"wp-block-image size-large\"><img loading=\"lazy\" decoding=\"async\" width=\"1024\" height=\"575\" src=\"https:\/\/blogdorogeriogomes.com.br\/wp-content\/uploads\/2022\/07\/Camilo-1024x575.jpg\" alt=\"\" class=\"wp-image-26098\" srcset=\"https:\/\/blogdorogeriogomes.com.br\/noticias\/wp-content\/uploads\/2022\/07\/Camilo-1024x575.jpg 1024w, https:\/\/blogdorogeriogomes.com.br\/noticias\/wp-content\/uploads\/2022\/07\/Camilo-300x169.jpg 300w, https:\/\/blogdorogeriogomes.com.br\/noticias\/wp-content\/uploads\/2022\/07\/Camilo-768x432.jpg 768w, https:\/\/blogdorogeriogomes.com.br\/noticias\/wp-content\/uploads\/2022\/07\/Camilo-800x450.jpg 800w, https:\/\/blogdorogeriogomes.com.br\/noticias\/wp-content\/uploads\/2022\/07\/Camilo.jpg 1155w\" sizes=\"auto, (max-width: 1024px) 100vw, 1024px\" \/><\/figure>\n","protected":false},"excerpt":{"rendered":"<p>O comando do PT no Cear\u00e1 deve se reunir no pr\u00f3ximo s\u00e1bado, dia 23 de julho, para definir se o partido mant\u00e9m a alian\u00e7a estadual com o PDT, que escolheu o ex-prefeito de Fortaleza, Roberto Cl\u00e1udio, como pr\u00e9-candidato ao Governo do Estado. O PT tinha prefer\u00eancia pelo nome da governadora Izolda Cela (PDT). As conversas tamb\u00e9m devem incluir outros partidos da base governista como MDB do ex-senador Eun\u00edcio Oliveira e o PP do deputado Zezinho Albuquerque. N\u00e3o est\u00e1 descartada&hellip;<\/p>\n","protected":false},"author":1,"featured_media":26098,"comment_status":"open","ping_status":"open","sticky":false,"template":"","format":"standard","meta":{"footnotes":""},"categories":[1],"tags":[],"class_list":["post-26097","post","type-post","status-publish","format-standard","has-post-thumbnail","hentry","category-noticias"],"_links":{"self":[{"href":"https:\/\/blogdorogeriogomes.com.br\/noticias\/wp-json\/wp\/v2\/posts\/26097","targetHints":{"allow":["GET"]}}],"collection":[{"href":"https:\/\/blogdorogeriogomes.com.br\/noticias\/wp-json\/wp\/v2\/posts"}],"about":[{"href":"https:\/\/blogdorogeriogomes.com.br\/noticias\/wp-json\/wp\/v2\/types\/post"}],"author":[{"embeddable":true,"href":"https:\/\/blogdorogeriogomes.com.br\/noticias\/wp-json\/wp\/v2\/users\/1"}],"replies":[{"embeddable":true,"href":"https:\/\/blogdorogeriogomes.com.br\/noticias\/wp-json\/wp\/v2\/comments?post=26097"}],"version-history":[{"count":1,"href":"https:\/\/blogdorogeriogomes.com.br\/noticias\/wp-json\/wp\/v2\/posts\/26097\/revisions"}],"predecessor-version":[{"id":26099,"href":"https:\/\/blogdorogeriogomes.com.br\/noticias\/wp-json\/wp\/v2\/posts\/26097\/revisions\/26099"}],"wp:featuredmedia":[{"embeddable":true,"href":"https:\/\/blogdorogeriogomes.com.br\/noticias\/wp-json\/wp\/v2\/media\/26098"}],"wp:attachment":[{"href":"https:\/\/blogdorogeriogomes.com.br\/noticias\/wp-json\/wp\/v2\/media?parent=26097"}],"wp:term":[{"taxonomy":"category","embeddable":true,"href":"https:\/\/blogdorogeriogomes.com.br\/noticias\/wp-json\/wp\/v2\/categories?post=26097"},{"taxonomy":"post_tag","embeddable":true,"href":"https:\/\/blogdorogeriogomes.com.br\/noticias\/wp-json\/wp\/v2\/tags?post=26097"}],"curies":[{"name":"wp","href":"https:\/\/api.w.org\/{rel}","templated":true}]}}